{"id":11647,"date":"2024-08-23T22:40:22","date_gmt":"2024-08-23T22:40:22","guid":{"rendered":"https:\/\/www.entrerios.gov.ar\/cultura\/?p=11647"},"modified":"2024-08-24T12:15:14","modified_gmt":"2024-08-24T12:15:14","slug":"el-gobierno-promueve-el-conocimiento-y-valoracion-de-los-centros-culturales-provinciales","status":"publish","type":"post","link":"https:\/\/www.entrerios.gov.ar\/cultura\/el-gobierno-promueve-el-conocimiento-y-valoracion-de-los-centros-culturales-provinciales\/","title":{"rendered":"El gobierno promueve el conocimiento y valoraci\u00f3n de los centros culturales provinciales"},"content":{"rendered":"\n<p>A partir de una iniciativa de la Secretar\u00eda de Cultura y la Asociaci\u00f3n Civil Equal, este s\u00e1bado se llevar\u00e1 a cabo un taller de literatura y escritura en el Museo Hist\u00f3rico, orientado a personas de distintas edades.<\/p>\n\n\n\n<p>Los dos \u00faltimos s\u00e1bados de agosto, el Museo Hist\u00f3rico de Entre R\u00edos, Martiniano Leguizam\u00f3n, ser\u00e1 sede del taller de literatura y escritura Diversa, a cargo de la escritora Marita Balla.<\/p>\n\n\n\n<p>La propuesta, organizada por la Secretar\u00eda de Cultura provincial y la Asociaci\u00f3n Civil Equal, es abierta a la comunidad, es decir que las personas interesadas en participar pueden sumarse en los distintos encuentros, y funcionar\u00e1 en distintos centros culturales y museos con el fin ser una v\u00eda de conocimiento y valoraci\u00f3n del patrimonio entrerriano.<\/p>\n\n\n\n<p>Este s\u00e1bado, la reuni\u00f3n ser\u00e1 a las 17, en el museo ubicado en calle Buenos Aires 286, de Paran\u00e1.<\/p>\n\n\n\n<p>El taller comenz\u00f3 en agosto y tiene una duraci\u00f3n de cinco meses y est\u00e1 diagramado en clases semanales. El espacio est\u00e1 orientado a j\u00f3venes, adultos y personas mayores.<\/p>\n\n\n\n<p><strong>Para hacer un guion<\/strong><\/p>\n\n\n\n<p>En el encuentro de este s\u00e1bado se trabajar\u00e1 en la creaci\u00f3n del guion de un cortometraje, inspirado en las figuras y recursos que ofrece el museo. \u201cEste taller interactivo, dise\u00f1ado para todas las edades, tambi\u00e9n generar\u00e1 material para distintas ramas del arte, enriqueciendo nuestro portafolio de escritores, que siempre ser\u00e1 diverso\u201d, se detall\u00f3 desde la organizaci\u00f3n. Para desarrollar el guion, se contar\u00e1 con la gu\u00eda de Marita Balla y con la participaci\u00f3n de Julio G\u00f3mez, integrante del Instituto Audiovisual de Entre R\u00edos, quien desarrollar\u00e1&nbsp; las partes clave de un cortometraje.<\/p>\n\n\n\n<p><\/p>\n\n\n\n<p><strong>Objetivos<\/strong><\/p>\n\n\n\n<p>La idea del taller es promover la importancia de la diversidad cultural en la escritura, explorar diferentes voces y estilos literarios, culminando a fin de a\u00f1o con la escritura y presentaci\u00f3n de un libro colectivo.<\/p>\n\n\n\n<p>El programa de trabajo prev\u00e9 el an\u00e1lisis de textos representativos de diversidad cultural, racial, de g\u00e9nero y orientaci\u00f3n sexual y lecturas de autores de pueblos originarios y afrodescendientes, mujeres, LGBTQI+, dentro del marco de taller desde la narrativa, escritura, poes\u00eda, ensayo y cr\u00f3nica.<\/p>\n\n\n\n<p>Por consultas, las personas interesadas pueden escribir a <a href=\"mailto:maritaballa@gmail.com\">maritaballa@gmail.com<\/a><\/p>\n","protected":false},"excerpt":{"rendered":"<p>A partir de una iniciativa de la Secretar\u00eda de Cultura y la Asociaci\u00f3n Civil Equal, este s\u00e1bado se llevar\u00e1 a cabo un taller de literatura y escritura en el Museo Hist\u00f3rico, orientado a personas de distintas edades. Los dos \u00faltimos s\u00e1bados de agosto, el Museo Hist\u00f3rico de Entre R\u00edos, Martiniano Leguizam\u00f3n, ser\u00e1 sede del taller [&hellip;]<\/p>\n","protected":false},"author":49,"featured_media":11645,"comment_status":"open","ping_status":"open","sticky":false,"template":"","format":"standard","meta":{"_et_pb_use_builder":"off","_et_pb_old_content":"","_et_gb_content_width":"","footnotes":""},"categories":[28,10],"tags":[],"class_list":["post-11647","post","type-post","status-publish","format-standard","has-post-thumbnail","hentry","category-noticias","category-museo-historico"],"_links":{"self":[{"href":"https:\/\/www.entrerios.gov.ar\/cultura\/wp-json\/wp\/v2\/posts\/11647","targetHints":{"allow":["GET"]}}],"collection":[{"href":"https:\/\/www.entrerios.gov.ar\/cultura\/wp-json\/wp\/v2\/posts"}],"about":[{"href":"https:\/\/www.entrerios.gov.ar\/cultura\/wp-json\/wp\/v2\/types\/post"}],"author":[{"embeddable":true,"href":"https:\/\/www.entrerios.gov.ar\/cultura\/wp-json\/wp\/v2\/users\/49"}],"replies":[{"embeddable":true,"href":"https:\/\/www.entrerios.gov.ar\/cultura\/wp-json\/wp\/v2\/comments?post=11647"}],"version-history":[{"count":1,"href":"https:\/\/www.entrerios.gov.ar\/cultura\/wp-json\/wp\/v2\/posts\/11647\/revisions"}],"predecessor-version":[{"id":11648,"href":"https:\/\/www.entrerios.gov.ar\/cultura\/wp-json\/wp\/v2\/posts\/11647\/revisions\/11648"}],"wp:featuredmedia":[{"embeddable":true,"href":"https:\/\/www.entrerios.gov.ar\/cultura\/wp-json\/wp\/v2\/media\/11645"}],"wp:attachment":[{"href":"https:\/\/www.entrerios.gov.ar\/cultura\/wp-json\/wp\/v2\/media?parent=11647"}],"wp:term":[{"taxonomy":"category","embeddable":true,"href":"https:\/\/www.entrerios.gov.ar\/cultura\/wp-json\/wp\/v2\/categories?post=11647"},{"taxonomy":"post_tag","embeddable":true,"href":"https:\/\/www.entrerios.gov.ar\/cultura\/wp-json\/wp\/v2\/tags?post=11647"}],"curies":[{"name":"wp","href":"https:\/\/api.w.org\/{rel}","templated":true}]}}