{"id":11681,"date":"2024-07-29T14:55:00","date_gmt":"2024-07-29T14:55:00","guid":{"rendered":"https:\/\/www.entrerios.gov.ar\/cultura\/?p=11681"},"modified":"2025-02-20T21:44:44","modified_gmt":"2025-02-20T21:44:44","slug":"los-misterios-de-una-placa-que-conmemora-a-urquiza","status":"publish","type":"post","link":"https:\/\/www.entrerios.gov.ar\/cultura\/los-misterios-de-una-placa-que-conmemora-a-urquiza\/","title":{"rendered":"Los misterios de una placa que conmemora a Urquiza"},"content":{"rendered":"\n<p>Lic. Claudio Ca\u00f1ete<\/p>\n\n\n\n<p>En el frente del edificio de la Escuela Normal Superior Jos\u00e9 Mar\u00eda Torres de Paran\u00e1, hay una gran placa de hierro fundido que conmemora la gesta pol\u00edtica y c\u00edvica del General Justo Jos\u00e9 de Urquiza. \u201cEl pueblo al fundador de la nacionalidad argentina\u201d, reza una frase grabada, ubicada en la parte inferior. Es de una belleza llamativa que pasa desapercibida ante la mirada distra\u00edda de los numerosos transe\u00fantes que caminan frente a ella, sobre la angosta acera de la calle Urquiza. Uno de los motivos es la altura de su ubicaci\u00f3n, exige elevar un poco la mirada, y otro es tratar de no ser atropellado por quienes vienen caminando de frente y detr\u00e1s de uno mismo, en pleno bullicio frente al Plaza 1\u00b0 de Mayo, de la capital entrerriana.<\/p>\n\n\n\n<figure class=\"wp-block-image size-large\"><img decoding=\"async\" src=\"https:\/\/www.entrerios.gov.ar\/cultura\/wp-content\/uploads\/2024\/08\/Placa-2-1024x738.jpg\" alt=\"\" class=\"wp-image-11683\"\/><\/figure>\n\n\n\n<p>Se trata de once figuras femeninas aleg\u00f3ricas, ubicadas en el lado izquierdo de la escena compuesta, se infiere que representan a las provincias argentinas, ya que cada una porta su respectivo escudo, visualiz\u00e1ndose la de Entre R\u00edos en un primer plano. Todas dirigen la mirada al general Urquiza, colocado en el otro extremo, legando con un gesto de su mano derecha, el texto de la Constituci\u00f3n Nacional, sostenido por un joven alado (que podr\u00eda ser un \u00e1ngel) que lo mira semi arrodillado. Urquiza est\u00e1 uniformado, portando la banda presidencial, y sostiene su falucho con su brazo izquierdo. Detr\u00e1s de \u00e9l enmarcan su figura dos \u00e1rboles, probablemente de roble, en ese \u00e1ngulo se visualizan dos troncos y parte de una fronda. Se sabe que el roble en la Antigua Grecia era considerado un \u00e1rbol sagrado para el dios Zeus que simboliza la justicia, la fuerza y la rectitud moral. Un simbolismo que sigui\u00f3 teniendo valor a lo largo de los siglos; las ramas de roble entrelazadas se encuentran en diversos escudos her\u00e1ldicos, insignias de grados militares y por supuesto en el ornamento escult\u00f3rico que rinde homenaje.<\/p>\n\n\n\n<p>Detr\u00e1s de todo, en segundo plano, de fondo, un sol naciente en el medio del horizonte, y un edificio que tiene caracter\u00edsticas que van del estilo colonial tipo cabildo a uno italiano como los de la Confederaci\u00f3n Argentina.<\/p>\n\n\n\n<p>Volviendo a las figuras femeninas no sabemos por qu\u00e9 son 11 y no 13 como lo fueron cuando se sancion\u00f3 la Constituci\u00f3n Argentina el 1\u00b0 de mayo de 1853 (con Buenos Aires autoexcluida). Y est\u00e1n paradas con sus t\u00fanicas, descalzas, sobre una larga palma que simboliza la victoria de las ideas republicanas de la Organizaci\u00f3n Nacional.<\/p>\n\n\n\n<p>En la base de la placa est\u00e1 grabada una informaci\u00f3n muy importante para averiguar aproximadamente de qu\u00e9 tiempo data: \u201cBellagamba y Rossi, calle Florida 152 (B.A.) Buenos Aires\u201d. Si de la pieza en cuesti\u00f3n se conoce al Grabador o Casa Grabadora ser\u00e1 posible inferir un rango de fechas.<\/p>\n\n\n\n<p>Particularmente de esta F\u00e1brica Nacional de Medallas de Ignacio Orzali, Jos\u00e9 Bellagamba y Constante Rossi, se conocen cinco firmas propietarias que marcan fechas bien definidas. Esas modificaciones responden incluso al fallecimiento de alg\u00fan integrante. La casa central estaba en la calle Florida 152 y la f\u00e1brica en la calle Rivadavia 1637, de Buenos Aires. Estos son los per\u00edodos de los titulares: ORZALI B. y C. &#8211; (1894 &#8211; 1899); ORZALI y C. &#8211; (1896); BELLAGAMBA Y ROSSI &#8211; (1899 &#8211; 1908); C. Y AF. ROSSI &#8211; (1908 &#8211; 1914); CONSTANTE ROSSI &#8211; (1914 &#8211; 1919).<\/p>\n\n\n\n<figure class=\"wp-block-image size-large\"><img decoding=\"async\" src=\"https:\/\/www.entrerios.gov.ar\/cultura\/wp-content\/uploads\/2024\/08\/Placa-1024x768.jpg\" alt=\"\" class=\"wp-image-11685\"\/><\/figure>\n\n\n\n<p>Las historias de esta placa no terminan aqu\u00ed. La certeza de que Bellagamba y Rossi acu\u00f1aron medallas y placas entre 1899-1908 coincide con la primera etapa de realizaci\u00f3n del monumento a Urquiza en el Parque que lleva su nombre. En 1901 se coloc\u00f3 la piedra fundamental y en 1910 llegaron en dos tandas (febrero y agosto) las piezas que constituyen su basamento.<\/p>\n\n\n\n<p>En el mismo, hay un anillo intermedio de esculturas emergentes del bloque de m\u00e1rmol de Carrara que se destacan. Tambi\u00e9n son alegor\u00edas femeninas y se infiere coincidentemente que son las provincias, ya que varias de ellas exhiben sus respectivos escudos (algunos se ven n\u00edtidamente, otros de manera difusa se adivinan sus formas).<\/p>\n\n\n\n<p>Se pueden formular hip\u00f3tesis: los aprestos para festejar el Centenario del pa\u00eds marcaron un esp\u00edritu de \u00e9poca por lo menos de 1890 hasta 1910. Las ideas sobre las que se sustentaba la modernidad y el progreso eran denominadores comunes: la industria, el comercio, la agricultura, el trabajo, las artes, la ley, la educaci\u00f3n, la ciencia, la historia, la victoria, el futuro, la fuerza, los r\u00edos y el mar. La placa parece dialogar entonces con las alegor\u00edas del Monumento, y tambi\u00e9n con las figuras de la Ciencia y la Historia que est\u00e1n en la cornisa de la Biblioteca Popular (inaugurada el 27 de mayo de 1910). Y adem\u00e1s con las placas que coloc\u00f3 la Escuela Normal y la Colectividad Austro-H\u00fangara para el 25 de mayo de 1910, d\u00eda de la inauguraci\u00f3n del monumento ecuestre dedicada al General San Mart\u00edn en el centro de la Plaza 1\u00b0 de Mayo (Todav\u00eda se conservan). La idea de progreso y el conocimiento constitu\u00edan la base del mundo moderno de la Segunda Revoluci\u00f3n Industrial que pasaba por su plenitud.<\/p>\n\n\n\n<figure class=\"wp-block-image size-large\"><img decoding=\"async\" src=\"https:\/\/www.entrerios.gov.ar\/cultura\/wp-content\/uploads\/2024\/08\/Placa-1-1024x768.jpg\" alt=\"\" class=\"wp-image-11684\"\/><\/figure>\n\n\n\n<p>Y precisamente la idea del progreso ser\u00eda la causante de la destrucci\u00f3n de todo lo que significaba el pasado, aunque \u00e9ste tuviera un gran valor patrimonial, hist\u00f3rico y testimonial. En contrapartida la idea de puesta en valor, memoria y rescate no eran vocablos que tuvieran privilegio. El pasado s\u00f3lo era evocado en peque\u00f1os detalles, de manera muy simb\u00f3lica, en marcas apenas visibles como los leones de m\u00e1rmol de Carrara que se dejaron en el frente del edificio del Correo Argentino (Monte Caseros y 25 de Mayo), como un eco remoto de lo que fue la se\u00f1orial residencia particular de Urquiza, demolida por orden del gobierno nacional entre 1928 y 1929, para la erecci\u00f3n del nuevo edifico en 1932.<\/p>\n\n\n\n<p>En la d\u00e9cada del \u00b440 en los diarios locales se escrib\u00edan cosas como esta: \u201cParan\u00e1 evoluciona; los resabios coloniales que en su \u00e9poca sostuvieron una batalla ardorosa con la arquitectura moderna, han ca\u00eddo vencidos, diluy\u00e9ndose en el polvo\u201d. Este pensamiento de \u00e9poca marc\u00f3 la defunci\u00f3n de las construcciones de los tiempos de la Confederaci\u00f3n Argentina en la ciudad.<\/p>\n\n\n\n<p>El \u00faltimo episodio que se puede contar sobre la placa en cuesti\u00f3n quiz\u00e1s es el principal de todos. Como se mencion\u00f3, seg\u00fan su firma, fue fabricada entre 1899-1908, y se conecta bastante con la iconograf\u00eda reinante del esp\u00edritu del Centenario, pero en verdad la placa correspondi\u00f3 a un homenaje realizado en el anterior, el que fue demolido por el actual, declarado Monumento Hist\u00f3rico Nacional en 2009. Se hab\u00eda colocado en el edificio destinado para la Casa de Gobierno de la Confederaci\u00f3n Argentina y que posteriormente con el traslado de la capital a Buenos Aires luego de la Batalla de Pav\u00f3n, se afect\u00f3 para el Colegio del Paran\u00e1 y luego a partir de 1870 pas\u00f3 a ser sede de la primera Escuela Normal creada por mandato del presidente Domingo Faustino Sarmiento.<\/p>\n\n\n\n<p><strong>Una prueba contundente<\/strong><\/p>\n\n\n\n<p>Hay una foto de de la Colecci\u00f3n Gonz\u00e1lez Acha, del Museo Hist\u00f3rico Martiniano Leguizam\u00f3n, organismo de la Secretar\u00eda de Cultura, en donde el edificio nuevo est\u00e1 en construcci\u00f3n y todav\u00eda muestra el paulatino proceso de demolici\u00f3n del que pertenec\u00eda al Siglo XIX, y en ese frente que poco a poco ced\u00eda a la destrucci\u00f3n de las piquetas se ve la silueta de la placa colocada en lo que fue el frente, junto a una de las puertas principales de acceso.<\/p>\n\n\n\n<p>Lo que significa que luego de terminado el edificio moderno, se coloc\u00f3 la placa como un tributo al pasado, como se hizo con los leones en el Correo Argentino, apenas una peque\u00f1a marca, un m\u00ednimo testimonio despojado de toda precisa referencia. En este sentido hay fotos que tambi\u00e9n confirman que no fue recolocada de inmediato sino unos a\u00f1os despu\u00e9s, m\u00e1s a fines de la d\u00e9cada del \u00b430. Es todo lo que qued\u00f3 de la memoria y la historia silenciada para siempre que guardaba la anterior construcci\u00f3n de los tiempos de Urquiza.<\/p>\n","protected":false},"excerpt":{"rendered":"<p>Lic. Claudio Ca\u00f1ete En el frente del edificio de la Escuela Normal Superior Jos\u00e9 Mar\u00eda Torres de Paran\u00e1, hay una gran placa de hierro fundido que conmemora la gesta pol\u00edtica y c\u00edvica del General Justo Jos\u00e9 de Urquiza. \u201cEl pueblo al fundador de la nacionalidad argentina\u201d, reza una frase grabada, ubicada en la parte inferior. [&hellip;]<\/p>\n","protected":false},"author":50,"featured_media":0,"comment_status":"open","ping_status":"open","sticky":false,"template":"","format":"standard","meta":{"_et_pb_use_builder":"off","_et_pb_old_content":"","_et_gb_content_width":"","footnotes":""},"categories":[28,138],"tags":[],"class_list":["post-11681","post","type-post","status-publish","format-standard","hentry","category-noticias","category-huellasurquiza"],"_links":{"self":[{"href":"https:\/\/www.entrerios.gov.ar\/cultura\/wp-json\/wp\/v2\/posts\/11681","targetHints":{"allow":["GET"]}}],"collection":[{"href":"https:\/\/www.entrerios.gov.ar\/cultura\/wp-json\/wp\/v2\/posts"}],"about":[{"href":"https:\/\/www.entrerios.gov.ar\/cultura\/wp-json\/wp\/v2\/types\/post"}],"author":[{"embeddable":true,"href":"https:\/\/www.entrerios.gov.ar\/cultura\/wp-json\/wp\/v2\/users\/50"}],"replies":[{"embeddable":true,"href":"https:\/\/www.entrerios.gov.ar\/cultura\/wp-json\/wp\/v2\/comments?post=11681"}],"version-history":[{"count":1,"href":"https:\/\/www.entrerios.gov.ar\/cultura\/wp-json\/wp\/v2\/posts\/11681\/revisions"}],"predecessor-version":[{"id":12653,"href":"https:\/\/www.entrerios.gov.ar\/cultura\/wp-json\/wp\/v2\/posts\/11681\/revisions\/12653"}],"wp:attachment":[{"href":"https:\/\/www.entrerios.gov.ar\/cultura\/wp-json\/wp\/v2\/media?parent=11681"}],"wp:term":[{"taxonomy":"category","embeddable":true,"href":"https:\/\/www.entrerios.gov.ar\/cultura\/wp-json\/wp\/v2\/categories?post=11681"},{"taxonomy":"post_tag","embeddable":true,"href":"https:\/\/www.entrerios.gov.ar\/cultura\/wp-json\/wp\/v2\/tags?post=11681"}],"curies":[{"name":"wp","href":"https:\/\/api.w.org\/{rel}","templated":true}]}}