{"id":11692,"date":"2024-09-03T07:00:00","date_gmt":"2024-09-03T07:00:00","guid":{"rendered":"https:\/\/www.entrerios.gov.ar\/cultura\/?p=11692"},"modified":"2024-09-02T14:23:34","modified_gmt":"2024-09-02T14:23:34","slug":"continua-el-ciclo-de-conciertos-didacticos-a-toda-orquesta-de-la-sinfonica-de-entre-rios","status":"publish","type":"post","link":"https:\/\/www.entrerios.gov.ar\/cultura\/continua-el-ciclo-de-conciertos-didacticos-a-toda-orquesta-de-la-sinfonica-de-entre-rios\/","title":{"rendered":"Contin\u00faa el ciclo de conciertos did\u00e1cticos A toda orquesta de la Sinf\u00f3nica de Entre R\u00edos"},"content":{"rendered":"\n<p>En el marco del ciclo de conciertos did\u00e1cticos de la Orquesta Sinf\u00f3nica de Entre R\u00edos (OSER) este mi\u00e9rcoles 4 y jueves 5 de septiembre se llevar\u00e1n a cabo cuatro presentaciones en La Vieja Usina. La iniciativa es organizada por la provincia a trav\u00e9s de la Secretar\u00eda de Cultura y el Consejo General de Educaci\u00f3n.<\/p>\n\n\n\n<p>Se realizar\u00e1n cuatro conciertos de 50 minutos de duraci\u00f3n cada uno: el mi\u00e9rcoles y el jueves, de 14.45 a 15.45 y de 16.15 a 17.15. Los mismos est\u00e1n destinados a alumnos de escuelas primarias y secundarias de la provincia que ya completaron el proceso de inscripci\u00f3n.<\/p>\n\n\n\n<p>El ciclo tiene por objetivo que los alumnos puedan conectarse en vivo con la riqueza instrumental de la orquesta y los m\u00fasicos. A trav\u00e9s de explicaciones did\u00e1cticas y ejemplos musicales, se busca que aprendan a reconocer los diferentes instrumentos y familias instrumentales que componen una orquesta sinf\u00f3nica.<\/p>\n\n\n\n<p>La actividad es organizada por la provincia, a trav\u00e9s de la Secretar\u00eda de Cultura y el Consejo General de Educaci\u00f3n. Mientras que la iniciativa es llevada a cabo por el elenco sinf\u00f3nico de la provincia, con la direcci\u00f3n de Luis Gorelik y la asistencia de Rodrigo Naffa; participa tambi\u00e9n Cristina Pita en calidad de presentadora.<\/p>\n\n\n\n<p>El ciclo<em> A toda orquesta<\/em> se inici\u00f3 a fines de junio en La Vieja Usina de Paran\u00e1 con el cupo completo y se extender\u00e1 hasta octubre. Se realizar\u00e1n un total de 21 conciertos destinados a 6000 estudiantes.\u00a0<\/p>\n","protected":false},"excerpt":{"rendered":"<p>En el marco del ciclo de conciertos did\u00e1cticos de la Orquesta Sinf\u00f3nica de Entre R\u00edos (OSER) este mi\u00e9rcoles 4 y jueves 5 de septiembre se llevar\u00e1n a cabo cuatro presentaciones en La Vieja Usina. La iniciativa es organizada por la provincia a trav\u00e9s de la Secretar\u00eda de Cultura y el Consejo General de Educaci\u00f3n. Se [&hellip;]<\/p>\n","protected":false},"author":5,"featured_media":11693,"comment_status":"open","ping_status":"open","sticky":false,"template":"","format":"standard","meta":{"_et_pb_use_builder":"off","_et_pb_old_content":"","_et_gb_content_width":"","footnotes":""},"categories":[1,28,17],"tags":[],"class_list":["post-11692","post","type-post","status-publish","format-standard","has-post-thumbnail","hentry","category-destacado","category-noticias","category-orquesta-sinfonica"],"_links":{"self":[{"href":"https:\/\/www.entrerios.gov.ar\/cultura\/wp-json\/wp\/v2\/posts\/11692","targetHints":{"allow":["GET"]}}],"collection":[{"href":"https:\/\/www.entrerios.gov.ar\/cultura\/wp-json\/wp\/v2\/posts"}],"about":[{"href":"https:\/\/www.entrerios.gov.ar\/cultura\/wp-json\/wp\/v2\/types\/post"}],"author":[{"embeddable":true,"href":"https:\/\/www.entrerios.gov.ar\/cultura\/wp-json\/wp\/v2\/users\/5"}],"replies":[{"embeddable":true,"href":"https:\/\/www.entrerios.gov.ar\/cultura\/wp-json\/wp\/v2\/comments?post=11692"}],"version-history":[{"count":2,"href":"https:\/\/www.entrerios.gov.ar\/cultura\/wp-json\/wp\/v2\/posts\/11692\/revisions"}],"predecessor-version":[{"id":11695,"href":"https:\/\/www.entrerios.gov.ar\/cultura\/wp-json\/wp\/v2\/posts\/11692\/revisions\/11695"}],"wp:featuredmedia":[{"embeddable":true,"href":"https:\/\/www.entrerios.gov.ar\/cultura\/wp-json\/wp\/v2\/media\/11693"}],"wp:attachment":[{"href":"https:\/\/www.entrerios.gov.ar\/cultura\/wp-json\/wp\/v2\/media?parent=11692"}],"wp:term":[{"taxonomy":"category","embeddable":true,"href":"https:\/\/www.entrerios.gov.ar\/cultura\/wp-json\/wp\/v2\/categories?post=11692"},{"taxonomy":"post_tag","embeddable":true,"href":"https:\/\/www.entrerios.gov.ar\/cultura\/wp-json\/wp\/v2\/tags?post=11692"}],"curies":[{"name":"wp","href":"https:\/\/api.w.org\/{rel}","templated":true}]}}