{"id":11701,"date":"2024-09-04T07:00:00","date_gmt":"2024-09-04T07:00:00","guid":{"rendered":"https:\/\/www.entrerios.gov.ar\/cultura\/?p=11701"},"modified":"2024-09-03T15:16:53","modified_gmt":"2024-09-03T15:16:53","slug":"se-realizo-otro-recorrido-historico-en-el-monumento-al-general-justo-jose-de-urquiza-en-parana","status":"publish","type":"post","link":"https:\/\/www.entrerios.gov.ar\/cultura\/se-realizo-otro-recorrido-historico-en-el-monumento-al-general-justo-jose-de-urquiza-en-parana\/","title":{"rendered":"Se realiz\u00f3 otro recorrido hist\u00f3rico en el monumento al general Justo Jos\u00e9 de Urquiza, en Paran\u00e1"},"content":{"rendered":"\n<p>La Secretar\u00eda de Cultura de Entre R\u00edos invita a la comunidad a participar de este ciclo que busca recordar y reivindicar la historia entrerriana. La actividad es con acceso libre y gratuito.<\/p>\n\n\n\n<p>El jueves 29 de agosto se realiz\u00f3 un nuevo encuentro de \u201cUrquiza, un monumento y muchas historias\u201d, la iniciativa que tiene por objetivo rescatar la memoria de los sucesos hist\u00f3ricos de la presidencia del general Justo Jos\u00e9 Urquiza, quien estuvo al frente de la Confederaci\u00f3n Argentina y fue vencedor de la Batalla de Caseros. En el \u00faltimo recorrido participaron estudiantes de la c\u00e1tedra \u201cArte Argentino y Latinoamericano\u201d, de 4\u00b0 A\u00f1o, de la Licenciatura en Artes Visuales \u2013 Facultad de Humanidades, Artes y Ciencias Sociales \u2013 UADER, acompa\u00f1ados por su profesor Diego Arellano.&nbsp;<\/p>\n\n\n\n<p>El ciclo gratuito de recorridas al pie del monumento ubicado en la capital provincial es brindado por el Lic. Claudio Ca\u00f1ete, autor del libro \u201cEstampas. El Palacio de Urquiza en Paran\u00e1 y su monumento en el Parque\u201d, entre otros sobre la historia de la capital entrerriana.<\/p>\n\n\n\n<p>La recorrida guiada tambi\u00e9n se realiza para delegaciones educativas de todos los niveles, tambi\u00e9n para grupos de estudio y capacitaciones de materias afines a las carreras de Historia, Turismo, Arte. Para solicitar informaci\u00f3n, acordar un d\u00eda y horario especial, las personas e instituciones interesadas pueden comunicarse al mail&nbsp;<a href=\"mailto:claudiogabrielcaniete@gmail.com\" target=\"_blank\" rel=\"noreferrer noopener\">claudiogabrielcaniete@gmail.com<\/a>&nbsp;o a trav\u00e9s de las redes de la Secretar\u00eda de Cultura de Entre R\u00edos.<\/p>\n","protected":false},"excerpt":{"rendered":"<p>La Secretar\u00eda de Cultura de Entre R\u00edos invita a la comunidad a participar de este ciclo que busca recordar y reivindicar la historia entrerriana. La actividad es con acceso libre y gratuito. El jueves 29 de agosto se realiz\u00f3 un nuevo encuentro de \u201cUrquiza, un monumento y muchas historias\u201d, la iniciativa que tiene por objetivo [&hellip;]<\/p>\n","protected":false},"author":5,"featured_media":11702,"comment_status":"open","ping_status":"open","sticky":false,"template":"","format":"standard","meta":{"_et_pb_use_builder":"off","_et_pb_old_content":"","_et_gb_content_width":"","footnotes":""},"categories":[28],"tags":[],"class_list":["post-11701","post","type-post","status-publish","format-standard","has-post-thumbnail","hentry","category-noticias"],"_links":{"self":[{"href":"https:\/\/www.entrerios.gov.ar\/cultura\/wp-json\/wp\/v2\/posts\/11701","targetHints":{"allow":["GET"]}}],"collection":[{"href":"https:\/\/www.entrerios.gov.ar\/cultura\/wp-json\/wp\/v2\/posts"}],"about":[{"href":"https:\/\/www.entrerios.gov.ar\/cultura\/wp-json\/wp\/v2\/types\/post"}],"author":[{"embeddable":true,"href":"https:\/\/www.entrerios.gov.ar\/cultura\/wp-json\/wp\/v2\/users\/5"}],"replies":[{"embeddable":true,"href":"https:\/\/www.entrerios.gov.ar\/cultura\/wp-json\/wp\/v2\/comments?post=11701"}],"version-history":[{"count":1,"href":"https:\/\/www.entrerios.gov.ar\/cultura\/wp-json\/wp\/v2\/posts\/11701\/revisions"}],"predecessor-version":[{"id":11703,"href":"https:\/\/www.entrerios.gov.ar\/cultura\/wp-json\/wp\/v2\/posts\/11701\/revisions\/11703"}],"wp:featuredmedia":[{"embeddable":true,"href":"https:\/\/www.entrerios.gov.ar\/cultura\/wp-json\/wp\/v2\/media\/11702"}],"wp:attachment":[{"href":"https:\/\/www.entrerios.gov.ar\/cultura\/wp-json\/wp\/v2\/media?parent=11701"}],"wp:term":[{"taxonomy":"category","embeddable":true,"href":"https:\/\/www.entrerios.gov.ar\/cultura\/wp-json\/wp\/v2\/categories?post=11701"},{"taxonomy":"post_tag","embeddable":true,"href":"https:\/\/www.entrerios.gov.ar\/cultura\/wp-json\/wp\/v2\/tags?post=11701"}],"curies":[{"name":"wp","href":"https:\/\/api.w.org\/{rel}","templated":true}]}}