{"id":11714,"date":"2024-09-06T10:38:58","date_gmt":"2024-09-06T10:38:58","guid":{"rendered":"https:\/\/www.entrerios.gov.ar\/cultura\/?p=11714"},"modified":"2024-09-06T10:38:59","modified_gmt":"2024-09-06T10:38:59","slug":"el-iaaer-presenta-la-segunda-funcion-de-su-cineclub-con-la-proyeccion-de-encandilan-luces","status":"publish","type":"post","link":"https:\/\/www.entrerios.gov.ar\/cultura\/el-iaaer-presenta-la-segunda-funcion-de-su-cineclub-con-la-proyeccion-de-encandilan-luces\/","title":{"rendered":"El IAAER presenta la segunda funci\u00f3n de su cineclub con la proyecci\u00f3n de\u00a0Encandilan Luces"},"content":{"rendered":"\n<p>El Instituto Aut\u00e1rquico Audiovisual de Entre R\u00edos realiza un nuevo encuentro quincenal del Cineclub IAAER, con la exhibici\u00f3n de la pel\u00edcula dirigida por Alejandro Berm\u00fadez, dentro del ciclo Di\u00e1logos. La cita, con entrada libre y gratuita, es este martes 10 de septiembre, a las 20.<\/p>\n\n\n\n<p>El Gobierno de Entre R\u00edos profundiza los espacios de promoci\u00f3n y difusi\u00f3n del cine regional, con el objetivo de fortalecer el acceso a la cultura y generar puntos de encuentros interdisciplinarios de las artes y otras actividades. El Cineclub IAAER, que tuvo su inauguraci\u00f3n el 27 de agosto, robustece ese abanico de propuestas, con una iniciativa quincenal y presencial que contempla la proyecci\u00f3n de pel\u00edculas, la participaci\u00f3n de sectores y referentes de las tem\u00e1ticas elegidas y la invitaci\u00f3n a conversaciones colectivas sobre el arte, el cine y la cultura.&nbsp;<\/p>\n\n\n\n<p>La segunda funci\u00f3n, enmarcada en el&nbsp;<em>ciclo Di\u00e1logos<\/em>, presenta el largometraje&nbsp;<em>Encandilan Luces (2019)<\/em>, del director Alejandro Gallo B\u00e9rmudez, ganadora como mejor pel\u00edcula nacional, por el premio del jurado, de la segunda edici\u00f3n del Festival Internacional de Cine de Entre R\u00edos (FICER). La trama recorre la historia de los s\u00edquicos litorale\u00f1os, una banda que surgi\u00f3 en Curuz\u00fa Cuati\u00e1, logrando un sonido original en la ruralidad del noroeste argentino y explorando un debate cultural sobre el \u00e9xito, la trascendencia y la creatividad. La proyecci\u00f3n, que arranca puntual, se efect\u00faa este martes 10 de septiembre, a las 20, en la Rub\u00e9n Sala Noble del IAAER en Paran\u00e1 (Gregoria Matorras 861).<\/p>\n\n\n\n<p>Luego de la proyecci\u00f3n, la acordeonista e investigadora Marcia M\u00fcller; el escritor e integrante de la banda&nbsp;<em>Hermanos del esp\u00edritu libr<\/em>e, Luciano Mete; y el mag\u00edster en Estudios Culturales y docente de la UNER, Ram\u00f3n Mayor\u00e1, compartir\u00e1n sus experiencias, sus recorridos acad\u00e9micos y sus trayectos art\u00edsticos, para generar una mesa redonda con el p\u00fablico presente. Adem\u00e1s, habr\u00e1 una peque\u00f1a degustaci\u00f3n de vinos entrerrianos, provenientes de la Finca Las Cuevas.<\/p>\n\n\n\n<p><em>Prensa IAAER<\/em><\/p>\n","protected":false},"excerpt":{"rendered":"<p>El Instituto Aut\u00e1rquico Audiovisual de Entre R\u00edos realiza un nuevo encuentro quincenal del Cineclub IAAER, con la exhibici\u00f3n de la pel\u00edcula dirigida por Alejandro Berm\u00fadez, dentro del ciclo Di\u00e1logos. La cita, con entrada libre y gratuita, es este martes 10 de septiembre, a las 20. El Gobierno de Entre R\u00edos profundiza los espacios de promoci\u00f3n [&hellip;]<\/p>\n","protected":false},"author":5,"featured_media":11715,"comment_status":"open","ping_status":"open","sticky":false,"template":"","format":"standard","meta":{"_et_pb_use_builder":"off","_et_pb_old_content":"","_et_gb_content_width":"","footnotes":""},"categories":[1,28,4],"tags":[],"class_list":["post-11714","post","type-post","status-publish","format-standard","has-post-thumbnail","hentry","category-destacado","category-noticias","category-iaaer"],"_links":{"self":[{"href":"https:\/\/www.entrerios.gov.ar\/cultura\/wp-json\/wp\/v2\/posts\/11714","targetHints":{"allow":["GET"]}}],"collection":[{"href":"https:\/\/www.entrerios.gov.ar\/cultura\/wp-json\/wp\/v2\/posts"}],"about":[{"href":"https:\/\/www.entrerios.gov.ar\/cultura\/wp-json\/wp\/v2\/types\/post"}],"author":[{"embeddable":true,"href":"https:\/\/www.entrerios.gov.ar\/cultura\/wp-json\/wp\/v2\/users\/5"}],"replies":[{"embeddable":true,"href":"https:\/\/www.entrerios.gov.ar\/cultura\/wp-json\/wp\/v2\/comments?post=11714"}],"version-history":[{"count":1,"href":"https:\/\/www.entrerios.gov.ar\/cultura\/wp-json\/wp\/v2\/posts\/11714\/revisions"}],"predecessor-version":[{"id":11716,"href":"https:\/\/www.entrerios.gov.ar\/cultura\/wp-json\/wp\/v2\/posts\/11714\/revisions\/11716"}],"wp:featuredmedia":[{"embeddable":true,"href":"https:\/\/www.entrerios.gov.ar\/cultura\/wp-json\/wp\/v2\/media\/11715"}],"wp:attachment":[{"href":"https:\/\/www.entrerios.gov.ar\/cultura\/wp-json\/wp\/v2\/media?parent=11714"}],"wp:term":[{"taxonomy":"category","embeddable":true,"href":"https:\/\/www.entrerios.gov.ar\/cultura\/wp-json\/wp\/v2\/categories?post=11714"},{"taxonomy":"post_tag","embeddable":true,"href":"https:\/\/www.entrerios.gov.ar\/cultura\/wp-json\/wp\/v2\/tags?post=11714"}],"curies":[{"name":"wp","href":"https:\/\/api.w.org\/{rel}","templated":true}]}}