{"id":11745,"date":"2024-09-12T18:42:30","date_gmt":"2024-09-12T18:42:30","guid":{"rendered":"https:\/\/www.entrerios.gov.ar\/cultura\/?p=11745"},"modified":"2024-10-23T16:02:33","modified_gmt":"2024-10-23T16:02:33","slug":"se-presento-la-6a-edicion-del-festival-internacional-de-cine-de-entre-rios","status":"publish","type":"post","link":"https:\/\/www.entrerios.gov.ar\/cultura\/se-presento-la-6a-edicion-del-festival-internacional-de-cine-de-entre-rios\/","title":{"rendered":"Se present\u00f3 la 6\u00aa edici\u00f3n del Festival Internacional de Cine de Entre R\u00edos"},"content":{"rendered":"\n<p>La 6\u00aa edici\u00f3n del Festival Internacional de Cine de Entre R\u00edos (FICER) se realizar\u00e1 entre el 11 y el 15 de diciembre en el Centro Provincial de Convenciones, el Centro Cultural La Vieja Usina y el Instituto Aut\u00e1rquico Audiovisual de Entre R\u00edos (IAAER).<\/p>\n\n\n\n<p>En la presentaci\u00f3n realizada esta ma\u00f1ana en el IAAER, el ministro de Gobierno y Trabajo, Manuel Troncoso, expres\u00f3 que \u201cla decisi\u00f3n que tom\u00f3 el gobernador Rogelio Frigerio de avanzar con el Festival, de poder sostener al IAAER y trabajar con su equipo es algo que me llena de orgullo como gobierno y quiero agradecerles por todo esto. Nosotros creemos en la cultura como generadora de identidad pero tambi\u00e9n como industria porque genera valor, consumo, atrae turistas y nos permite, por sobre todas las cosas, repensarnos a nosotros mismos, entender de d\u00f3nde venimos. A todo eso los entrerrianos lo hemos volcado en el arte, en este caso en el cine, pero tambi\u00e9n lo hemos hecho en la historia con la poes\u00eda y la literatura, esta provincia tiene una gran riqueza expresiva y ese es nuestro motor\u201d.<\/p>\n\n\n\n<p>Maximiliano Schonfeld al frente del IAAER se\u00f1al\u00f3 que el FICER se convirti\u00f3 en uno de los m\u00e1s importantes festivales del pa\u00eds. El director resalt\u00f3 que este a\u00f1o habr\u00e1 \u201cuna destacada programaci\u00f3n, sobre todo de cine argentino, en un a\u00f1o muy particular para el cine nacional; y al mismo tiempo premiado en todo el mundo\u201d.&nbsp;<\/p>\n\n\n\n<p>Antes de ceder la palabra a los dem\u00e1s presentadores del FICER Schonfeld remarc\u00f3 que el festival tendr\u00e1 un enfoque interdisciplinario, de encuentro del cine con otras artes y aristas de la cultura.&nbsp;<\/p>\n\n\n\n<p>A su turno Eduardo Crespo, director art\u00edstico del Festival; tambi\u00e9n se refiri\u00f3 al momento que vive el cine entrerriano: \u201ceste a\u00f1o habr\u00e1 dos pel\u00edculas entrerrianas en el Festival de Cine de San Sebasti\u00e1n. Con ese marco, entendemos que el cine entrerriano est\u00e1 en un momento muy importante. El FICER ser\u00e1 una oportunidad de conocernos porque el cine es un lugar de encuentro y de di\u00e1logo. Estamos felices por lo que se viene\u201d.<\/p>\n\n\n\n<p>Paula Mastellone, productora y gestora del Mercado Audiovisual del FICER puso en valor el largo camino de la industria audiovisual y se mostr\u00f3 agradecida por la continuidad de la propuesta. Finalmente invit\u00f3 a acercarse a debatir, capacitarse e intercambiar para crear juntos una mirada propia.&nbsp;<\/p>\n\n\n\n<p>En la presentaci\u00f3n tambi\u00e9n estuvieron presentes la Directora General de Centros Culturales, Roc\u00edo Rezett; y el Director General de Gesti\u00f3n Cultural de la Secretar\u00eda de Cultura de Entre R\u00edos, Juan Carlos Meillard. Participaron tambi\u00e9n realizadores audiovisuales y trabajadores del sector.<\/p>\n\n\n\n<figure class=\"wp-block-embed is-type-video is-provider-youtube wp-block-embed-youtube wp-embed-aspect-16-9 wp-has-aspect-ratio\"><div class=\"wp-block-embed__wrapper\">\n<iframe loading=\"lazy\" title=\"Se present\u00f3 la 6 edici\u00f3n del Festival Internacional de Cine de Entre R\u00edos\" width=\"1080\" height=\"608\" src=\"https:\/\/www.youtube.com\/embed\/GZiTbbC58v4?start=98&#038;feature=oembed\"  allow=\"accelerometer; autoplay; clipboard-write; encrypted-media; gyroscope; picture-in-picture; web-share\" referrerpolicy=\"strict-origin-when-cross-origin\" allowfullscreen><\/iframe>\n<\/div><\/figure>\n\n\n\n<p><strong>El Festival<\/strong><\/p>\n\n\n\n<p>Este a\u00f1o el FICER presentar\u00e1 dos secciones de pel\u00edculas en competencia, el premio del p\u00fablico y una selecci\u00f3n de cine internacional. Como siempre, todas las actividades son con entrada libre y gratuita en el Centro Provincial de Convenciones, el Centro Cultural La Vieja Usina y el IAAER. Como novedad, esta edici\u00f3n suma el Cine Las Tipas. En este sentido, el festival se propone mejorar los v\u00ednculos con actores de la cultura del sector privado y ofrecer espacios que suman calidad y cantidad de proyecciones.<\/p>\n\n\n\n<figure class=\"wp-block-image\"><img loading=\"lazy\" decoding=\"async\" width=\"1600\" height=\"1066\" src=\"https:\/\/www.entrerios.gov.ar\/cultura\/wp-content\/uploads\/2024\/09\/image-1.jpeg\" alt=\"\" class=\"wp-image-11748\" srcset=\"https:\/\/www.entrerios.gov.ar\/cultura\/wp-content\/uploads\/2024\/09\/image-1.jpeg 1600w, https:\/\/www.entrerios.gov.ar\/cultura\/wp-content\/uploads\/2024\/09\/image-1-1280x853.jpeg 1280w, https:\/\/www.entrerios.gov.ar\/cultura\/wp-content\/uploads\/2024\/09\/image-1-980x653.jpeg 980w, https:\/\/www.entrerios.gov.ar\/cultura\/wp-content\/uploads\/2024\/09\/image-1-480x320.jpeg 480w\" sizes=\"auto, (min-width: 0px) and (max-width: 480px) 480px, (min-width: 481px) and (max-width: 980px) 980px, (min-width: 981px) and (max-width: 1280px) 1280px, (min-width: 1281px) 1600px, 100vw\" \/><\/figure>\n\n\n\n<p>A la vez, habr\u00e1 subsedes en toda la provincia que ofrecer\u00e1n en simult\u00e1neo proyecciones de pel\u00edculas seleccionadas para esta edici\u00f3n y se organizar\u00e1n proyecciones para las escuelas entrerrianas. Contar\u00e1 con la participaci\u00f3n de invitados de renombre internacional, actividades especiales para toda la familia y con su ya reconocido punto de encuentro: el patio gastron\u00f3mico, integrado por emprendedores gastron\u00f3micos de la ciudad y noches de cine al aire libre.&nbsp;<\/p>\n\n\n\n<p>Otra secci\u00f3n de importancia dentro del festival es el ya reconocido Mercado del FICER, \u00fanico en su especie en el \u00e1mbito desarrollo del audiovisual federal. El mercado organiza reuniones de trabajo entre profesionales de la industria y talleres de formaci\u00f3n, cimentando la generaci\u00f3n de nuevos cineastas entrerrianos.&nbsp;<\/p>\n\n\n\n<p>Para m\u00e1s informaci\u00f3n sobre el festival y su convocatoria pr\u00f3xima a anunciarse, se puede ingresar a la web: <a href=\"https:\/\/www.ficer.com.ar\/\">https:\/\/www.ficer.com.ar\/<\/a><\/p>\n\n\n\n<figure class=\"wp-block-image\"><img loading=\"lazy\" decoding=\"async\" width=\"1600\" height=\"1067\" src=\"https:\/\/www.entrerios.gov.ar\/cultura\/wp-content\/uploads\/2024\/09\/image.jpeg\" alt=\"\" class=\"wp-image-11747\" srcset=\"https:\/\/www.entrerios.gov.ar\/cultura\/wp-content\/uploads\/2024\/09\/image.jpeg 1600w, https:\/\/www.entrerios.gov.ar\/cultura\/wp-content\/uploads\/2024\/09\/image-1280x854.jpeg 1280w, https:\/\/www.entrerios.gov.ar\/cultura\/wp-content\/uploads\/2024\/09\/image-980x654.jpeg 980w, https:\/\/www.entrerios.gov.ar\/cultura\/wp-content\/uploads\/2024\/09\/image-480x320.jpeg 480w\" sizes=\"auto, (min-width: 0px) and (max-width: 480px) 480px, (min-width: 481px) and (max-width: 980px) 980px, (min-width: 981px) and (max-width: 1280px) 1280px, (min-width: 1281px) 1600px, 100vw\" \/><\/figure>\n","protected":false},"excerpt":{"rendered":"<p>La 6\u00aa edici\u00f3n del Festival Internacional de Cine de Entre R\u00edos (FICER) se realizar\u00e1 entre el 11 y el 15 de diciembre en el Centro Provincial de Convenciones, el Centro Cultural La Vieja Usina y el Instituto Aut\u00e1rquico Audiovisual de Entre R\u00edos (IAAER). En la presentaci\u00f3n realizada esta ma\u00f1ana en el IAAER, el ministro de [&hellip;]<\/p>\n","protected":false},"author":5,"featured_media":11746,"comment_status":"open","ping_status":"open","sticky":false,"template":"","format":"standard","meta":{"_et_pb_use_builder":"off","_et_pb_old_content":"","_et_gb_content_width":"","footnotes":""},"categories":[1,28,125,4],"tags":[],"class_list":["post-11745","post","type-post","status-publish","format-standard","has-post-thumbnail","hentry","category-destacado","category-noticias","category-ficer","category-iaaer"],"_links":{"self":[{"href":"https:\/\/www.entrerios.gov.ar\/cultura\/wp-json\/wp\/v2\/posts\/11745","targetHints":{"allow":["GET"]}}],"collection":[{"href":"https:\/\/www.entrerios.gov.ar\/cultura\/wp-json\/wp\/v2\/posts"}],"about":[{"href":"https:\/\/www.entrerios.gov.ar\/cultura\/wp-json\/wp\/v2\/types\/post"}],"author":[{"embeddable":true,"href":"https:\/\/www.entrerios.gov.ar\/cultura\/wp-json\/wp\/v2\/users\/5"}],"replies":[{"embeddable":true,"href":"https:\/\/www.entrerios.gov.ar\/cultura\/wp-json\/wp\/v2\/comments?post=11745"}],"version-history":[{"count":2,"href":"https:\/\/www.entrerios.gov.ar\/cultura\/wp-json\/wp\/v2\/posts\/11745\/revisions"}],"predecessor-version":[{"id":11750,"href":"https:\/\/www.entrerios.gov.ar\/cultura\/wp-json\/wp\/v2\/posts\/11745\/revisions\/11750"}],"wp:featuredmedia":[{"embeddable":true,"href":"https:\/\/www.entrerios.gov.ar\/cultura\/wp-json\/wp\/v2\/media\/11746"}],"wp:attachment":[{"href":"https:\/\/www.entrerios.gov.ar\/cultura\/wp-json\/wp\/v2\/media?parent=11745"}],"wp:term":[{"taxonomy":"category","embeddable":true,"href":"https:\/\/www.entrerios.gov.ar\/cultura\/wp-json\/wp\/v2\/categories?post=11745"},{"taxonomy":"post_tag","embeddable":true,"href":"https:\/\/www.entrerios.gov.ar\/cultura\/wp-json\/wp\/v2\/tags?post=11745"}],"curies":[{"name":"wp","href":"https:\/\/api.w.org\/{rel}","templated":true}]}}