{"id":11755,"date":"2024-09-14T01:42:55","date_gmt":"2024-09-14T01:42:55","guid":{"rendered":"https:\/\/www.entrerios.gov.ar\/cultura\/?p=11755"},"modified":"2024-09-14T01:46:55","modified_gmt":"2024-09-14T01:46:55","slug":"la-feria-del-centro-una-oportunidad-para-conocer-el-diseno-de-la-region","status":"publish","type":"post","link":"https:\/\/www.entrerios.gov.ar\/cultura\/la-feria-del-centro-una-oportunidad-para-conocer-el-diseno-de-la-region\/","title":{"rendered":"La Feria del Centro, una oportunidad para conocer el dise\u00f1o de la regi\u00f3n"},"content":{"rendered":"\n<p>Funcionarios de C\u00f3rdoba, Santa Fe y Entre R\u00edos realizaron est\u00e1 tarde la apertura formal de la Feria de la Regi\u00f3n Centro. Un importante marco de p\u00fablico acompa\u00f1\u00f3 la primer jornada que cerr\u00f3 con un multitudinario recital de Sig Ragga. La iniciativa se extiende hasta el domingo con entrada libre y gratuita.&nbsp;<\/p>\n\n\n\n<p>Por la tarde, y con una recorrida por las instalaciones la ministra de Cultura de Santa Fe, Susana Estela Rueda; el presidente de la Agencia C\u00f3rdoba Cultura, Ra\u00fal Sansica; el&nbsp; secretario de Cultura de Entre R\u00edos, Fabi\u00e1n Reato; y la coordinadora Pro T\u00e9mpore del Comit\u00e9 Ejecutivo de la Regi\u00f3n Centro Claudia Giaccone dejaron inaugurada la 8 va Feria de la Regi\u00f3n Centro.&nbsp;<\/p>\n\n\n\n<p>Reato responsable de Cultura de la provincia y oficiando de anfitri\u00f3n destac\u00f3 que el evento es organizado por el Ente Regi\u00f3n Centro. \u201cEn la Feria encontrar\u00e1n una amplia variedad de productos pero tambi\u00e9n propuestas. Est\u00e1 todo pensado para que sea un buen paseo para toda la familia y tambi\u00e9n para los j\u00f3venes. La iniciativa es amplia, variada, libre y gratuita\u201d dijo el entrerriano.<\/p>\n\n\n\n<p>A su turno, la ministra de Cultura de Santa Fe, Susana Rueda, destac\u00f3 la incorporaci\u00f3n de la industria editorial. \u201cLa apuesta al dise\u00f1o es muy importante tambi\u00e9n porque es una decisi\u00f3n pol\u00edtica para fortalecernos y para articular pol\u00edticas entre todos\u201d expres\u00f3 tambi\u00e9n Rueda.<\/p>\n\n\n\n<p>El presidente de la Agencia C\u00f3rdoba Cultura, Ra\u00fal Sansica tambi\u00e9n salud\u00f3 en la apertura: \u201dtrabajamos fundamentalmente con los talentos de nuestros artistas que producen durante todo el a\u00f1o para exhibir, para hacer circular sus propuestas y darlas a conocer a la comunidad. Con esto tambi\u00e9n sostenemos que la cultura genera trabajo. Sigamos trabajando en pos del desarrollo y el dise\u00f1o en toda la Regi\u00f3n Centro\u201d.&nbsp;<\/p>\n\n\n\n<figure class=\"wp-block-image\"><img decoding=\"async\" src=\"https:\/\/lh7-rt.googleusercontent.com\/docsz\/AD_4nXcwfmV8Tivv6e3QvR314o4G3MOshXJ1Y2gCv1bTFDRNKpaGMdIcyRbTc_EWwYTWmA7iILiT97VvPr5-lLvsRY63kelXR9N4UMZE42XpSkJWCqGaOeV5GT0BUgFcfN2XsVl770mWr0hXc1C1zObJQ3Ug8Tw?key=GvwQlnObIbwK2sCaAGgD6A\" alt=\"\"\/><\/figure>\n\n\n\n<p>Finalmente, Claudia Giaccone del Ente Regi\u00f3n Centro valor\u00f3 la regionalizaci\u00f3n. \u201cHemos dado muestra en estos meses de gobierno que tres gobernadores est\u00e1n apostando a articular y generar mecanismos que nos den un proceso integrativo que nos potencie. Hoy la Regi\u00f3n Centro es una marca que tiene una presencia y un posicionamiento nacional\u201d finaliz\u00f3 la funcionaria.&nbsp;<\/p>\n\n\n\n<p><strong>Ocho ediciones<\/strong>&nbsp;<\/p>\n\n\n\n<p>Para la edici\u00f3n 2024 en Paran\u00e1 se dispuso un importante despliegue en el sector del Centro Provincial de Convenciones (CPC), el Centro Cultural La Vieja Usina y el Instituto Aut\u00e1rquico Audiovisual de Entre R\u00edos (Iaaer).&nbsp;<\/p>\n\n\n\n<p>En la planta alta del CPC se organiz\u00f3 la feria de emprendimientos y objetos de dise\u00f1o, mientras que la sala Ver\u00f3nica Kuttel de La Vieja Usina agrup\u00f3 a la feria editorial -la novedad de esta edici\u00f3n-, y se realizaron presentaciones literarias. La sala de Convenciones aloj\u00f3 una instalaci\u00f3n art\u00edstica y eco desfile. El patio gastron\u00f3mico se dispuso en el trayecto que conecta las instituciones y el escenario principal donde toc\u00f3 la reconocida banda santafesina.<\/p>\n\n\n\n<p><strong>Horarios y propuestas<\/strong><\/p>\n\n\n\n<p>Ma\u00f1ana la feria comenzar\u00e1 a partir de las 16 con entrada libre y gratuita. A las 17, est\u00e1 prevista la actuaci\u00f3n de la Banda Liga de los Pueblos Libres. A las 18.30 se presentar\u00e1&nbsp; un libro. M\u00e1s tarde la Muestra Eco del olvido tambi\u00e9n estar\u00e1 disponible a partir de las 19.&nbsp;<\/p>\n\n\n\n<p>El bloque musical se desarrollar\u00e1 con la presencia de Pato Viganoni y La Aplanadora. Ambos grupos entrerrianos se presentar\u00e1n en el escenario al aire libre a las 20 y 21.30 respectivamente.&nbsp;<\/p>\n\n\n\n<p><strong>Domingo<\/strong><\/p>\n\n\n\n<p>Una sesi\u00f3n de m\u00fasica DJ abrir\u00e1 las actividades del d\u00eda domingo desde las 15 en las barrancas del Centro Provincial de Convenciones. La compositora entrerriana Marcia M\u00fcller se presentar\u00e1 a las 19. El cierre musical de la jornada est\u00e1 programado para las 21.30 con la participaci\u00f3n de Ceibo, una banda de C\u00f3rdoba.<\/p>\n\n\n\n<p><strong>Para las infancias<\/strong>&nbsp;<\/p>\n\n\n\n<p>Los organizadores destacaron especialmente una propuesta destinada a las infancias en el marco de la feria. Se trata de un sector de talleres y juegos enfocados en el arte, bienestar y el cuidado del ambiente. Se desarrolla a partir de las 16.30 el s\u00e1bado y 14.30 el domingo.&nbsp;<\/p>\n","protected":false},"excerpt":{"rendered":"<p>Funcionarios de C\u00f3rdoba, Santa Fe y Entre R\u00edos realizaron est\u00e1 tarde la apertura formal de la Feria de la Regi\u00f3n Centro. Un importante marco de p\u00fablico acompa\u00f1\u00f3 la primer jornada que cerr\u00f3 con un multitudinario recital de Sig Ragga. La iniciativa se extiende hasta el domingo con entrada libre y gratuita.&nbsp; Por la tarde, y [&hellip;]<\/p>\n","protected":false},"author":5,"featured_media":11756,"comment_status":"open","ping_status":"open","sticky":false,"template":"","format":"standard","meta":{"_et_pb_use_builder":"off","_et_pb_old_content":"","_et_gb_content_width":"","footnotes":""},"categories":[1,28],"tags":[],"class_list":["post-11755","post","type-post","status-publish","format-standard","has-post-thumbnail","hentry","category-destacado","category-noticias"],"_links":{"self":[{"href":"https:\/\/www.entrerios.gov.ar\/cultura\/wp-json\/wp\/v2\/posts\/11755","targetHints":{"allow":["GET"]}}],"collection":[{"href":"https:\/\/www.entrerios.gov.ar\/cultura\/wp-json\/wp\/v2\/posts"}],"about":[{"href":"https:\/\/www.entrerios.gov.ar\/cultura\/wp-json\/wp\/v2\/types\/post"}],"author":[{"embeddable":true,"href":"https:\/\/www.entrerios.gov.ar\/cultura\/wp-json\/wp\/v2\/users\/5"}],"replies":[{"embeddable":true,"href":"https:\/\/www.entrerios.gov.ar\/cultura\/wp-json\/wp\/v2\/comments?post=11755"}],"version-history":[{"count":2,"href":"https:\/\/www.entrerios.gov.ar\/cultura\/wp-json\/wp\/v2\/posts\/11755\/revisions"}],"predecessor-version":[{"id":11758,"href":"https:\/\/www.entrerios.gov.ar\/cultura\/wp-json\/wp\/v2\/posts\/11755\/revisions\/11758"}],"wp:featuredmedia":[{"embeddable":true,"href":"https:\/\/www.entrerios.gov.ar\/cultura\/wp-json\/wp\/v2\/media\/11756"}],"wp:attachment":[{"href":"https:\/\/www.entrerios.gov.ar\/cultura\/wp-json\/wp\/v2\/media?parent=11755"}],"wp:term":[{"taxonomy":"category","embeddable":true,"href":"https:\/\/www.entrerios.gov.ar\/cultura\/wp-json\/wp\/v2\/categories?post=11755"},{"taxonomy":"post_tag","embeddable":true,"href":"https:\/\/www.entrerios.gov.ar\/cultura\/wp-json\/wp\/v2\/tags?post=11755"}],"curies":[{"name":"wp","href":"https:\/\/api.w.org\/{rel}","templated":true}]}}