{"id":11769,"date":"2024-09-17T12:06:14","date_gmt":"2024-09-17T12:06:14","guid":{"rendered":"https:\/\/www.entrerios.gov.ar\/cultura\/?p=11769"},"modified":"2024-09-17T12:06:16","modified_gmt":"2024-09-17T12:06:16","slug":"el-museo-casa-de-gobierno-invita-a-una-propuesta-de-formacion-para-docentes-y-estudiantes","status":"publish","type":"post","link":"https:\/\/www.entrerios.gov.ar\/cultura\/el-museo-casa-de-gobierno-invita-a-una-propuesta-de-formacion-para-docentes-y-estudiantes\/","title":{"rendered":"El Museo Casa de Gobierno invita a una propuesta de formaci\u00f3n para docentes y estudiantes\u00a0"},"content":{"rendered":"\n<p>Este viernes 20 de septiembre, a partir de las 9 se realizar\u00e1 el conversatorio&nbsp;<em>El museo como instancia did\u00e1ctica en la formaci\u00f3n docente.&nbsp;<\/em>La actividad est\u00e1 destinada a estudiantes de nivel superior y docentes; ser\u00e1 gratuita y se entregar\u00e1n certificados de asistencia.&nbsp;<\/p>\n\n\n\n<p>La iniciativa, organizada por el Instituto Superior de Formaci\u00f3n Docente \u201cDra. Carolina Tobar Garc\u00eda\u201d de Concepci\u00f3n del Uruguay y el Museo Casa de Gobierno, instituci\u00f3n dependiente de la Secretar\u00eda de Cultura de Entre R\u00edos ubicada en Paran\u00e1, est\u00e1 destinada especialmente a&nbsp; estudiantes y profesores de las carreras de formaci\u00f3n docente y profesiones afines relacionadas con la historia, el arte, la museolog\u00eda, entre otras.<\/p>\n\n\n\n<p>Seg\u00fan el cronograma de la jornada, adem\u00e1s del conversatorio propiamente dicho habr\u00e1 tambi\u00e9n un espacio de intercambio con los asistentes. Desde la organizaci\u00f3n anticiparon que se entregar\u00e1n constancias de asistencia, con reconocimiento educativo provincial otorgado por el Consejo General de Educaci\u00f3n.<\/p>\n\n\n\n<p>El conversatorio estar\u00e1 a cargo de las capacitadoras Silvana Gabriela Monz\u00f3n y de Silvana Daiana Natal\u00ed Pizzotti, y tendr\u00e1 como prop\u00f3sito promover propuestas institucionales que orienten la puesta en marcha de acciones estableciendo diversas instancias de reflexi\u00f3n y debate.<\/p>\n\n\n\n<p>El proyecto del Instituto Superior de Formaci\u00f3n Docente \u201cDoctora Carolina Tobar Garc\u00eda\u201d y los museos de Ciencias Sociales y Naturales de la ciudad de Concepci\u00f3n del Uruguay, se inici\u00f3 en 2010.&nbsp;<\/p>\n\n\n\n<p>Para esta instancia los contenidos de la formaci\u00f3n estar\u00e1n relacionados con el reconocimiento de las funciones que cumplen las instituciones, los espacios sociales y los objetos culturales, relacionando los usos que de ellos hacen las personas. Adem\u00e1s se abordar\u00e1 la valoraci\u00f3n de los trabajos que se desarrollan en esos \u00e1mbitos, identificando algunos de los aspectos que cambian con el paso del tiempo y aquellos que permanecen.<\/p>\n\n\n\n<p>Para inscripciones los interesados podr\u00e1n completar el siguiente&nbsp;<a href=\"https:\/\/docs.google.com\/forms\/d\/1Rb-Ty1xJItPSpuao9CstwUwj7HxeNwLhstIubJ2-Rec\/viewform?edit_requested=true\" target=\"_blank\" rel=\"noreferrer noopener\">FORMULARIO&nbsp;<\/a><\/p>\n\n\n\n<p>Para m\u00e1s informaci\u00f3n: Museo Casa de Gobierno&nbsp;<\/p>\n\n\n\n<p>Direcci\u00f3n: M\u00e9xico y C\u00f3rdoba, Paran\u00e1<\/p>\n\n\n\n<p>Tel\u00e9fono: 0343-4431781<\/p>\n\n\n\n<p>Correo electr\u00f3nico:&nbsp;<a href=\"mailto:museocasadegobierno@gmail.com\" target=\"_blank\" rel=\"noreferrer noopener\">museocasadegobierno@gmail.com<\/a><\/p>\n\n\n\n<p><em>Foto: Archivo Museo Casa de Gobierno<\/em><\/p>\n","protected":false},"excerpt":{"rendered":"<p>Este viernes 20 de septiembre, a partir de las 9 se realizar\u00e1 el conversatorio&nbsp;El museo como instancia did\u00e1ctica en la formaci\u00f3n docente.&nbsp;La actividad est\u00e1 destinada a estudiantes de nivel superior y docentes; ser\u00e1 gratuita y se entregar\u00e1n certificados de asistencia.&nbsp; La iniciativa, organizada por el Instituto Superior de Formaci\u00f3n Docente \u201cDra. Carolina Tobar Garc\u00eda\u201d de [&hellip;]<\/p>\n","protected":false},"author":5,"featured_media":11770,"comment_status":"open","ping_status":"open","sticky":false,"template":"","format":"standard","meta":{"_et_pb_use_builder":"off","_et_pb_old_content":"","_et_gb_content_width":"","footnotes":""},"categories":[1,28,11],"tags":[],"class_list":["post-11769","post","type-post","status-publish","format-standard","has-post-thumbnail","hentry","category-destacado","category-noticias","category-museo-casa-de-gobierno"],"_links":{"self":[{"href":"https:\/\/www.entrerios.gov.ar\/cultura\/wp-json\/wp\/v2\/posts\/11769","targetHints":{"allow":["GET"]}}],"collection":[{"href":"https:\/\/www.entrerios.gov.ar\/cultura\/wp-json\/wp\/v2\/posts"}],"about":[{"href":"https:\/\/www.entrerios.gov.ar\/cultura\/wp-json\/wp\/v2\/types\/post"}],"author":[{"embeddable":true,"href":"https:\/\/www.entrerios.gov.ar\/cultura\/wp-json\/wp\/v2\/users\/5"}],"replies":[{"embeddable":true,"href":"https:\/\/www.entrerios.gov.ar\/cultura\/wp-json\/wp\/v2\/comments?post=11769"}],"version-history":[{"count":1,"href":"https:\/\/www.entrerios.gov.ar\/cultura\/wp-json\/wp\/v2\/posts\/11769\/revisions"}],"predecessor-version":[{"id":11771,"href":"https:\/\/www.entrerios.gov.ar\/cultura\/wp-json\/wp\/v2\/posts\/11769\/revisions\/11771"}],"wp:featuredmedia":[{"embeddable":true,"href":"https:\/\/www.entrerios.gov.ar\/cultura\/wp-json\/wp\/v2\/media\/11770"}],"wp:attachment":[{"href":"https:\/\/www.entrerios.gov.ar\/cultura\/wp-json\/wp\/v2\/media?parent=11769"}],"wp:term":[{"taxonomy":"category","embeddable":true,"href":"https:\/\/www.entrerios.gov.ar\/cultura\/wp-json\/wp\/v2\/categories?post=11769"},{"taxonomy":"post_tag","embeddable":true,"href":"https:\/\/www.entrerios.gov.ar\/cultura\/wp-json\/wp\/v2\/tags?post=11769"}],"curies":[{"name":"wp","href":"https:\/\/api.w.org\/{rel}","templated":true}]}}