{"id":11772,"date":"2024-09-18T07:01:00","date_gmt":"2024-09-18T07:01:00","guid":{"rendered":"https:\/\/www.entrerios.gov.ar\/cultura\/?p=11772"},"modified":"2024-09-17T13:03:34","modified_gmt":"2024-09-17T13:03:34","slug":"la-provincia-homenajeara-a-roberto-romani-con-un-espectaculo-artistico-en-larroque","status":"publish","type":"post","link":"https:\/\/www.entrerios.gov.ar\/cultura\/la-provincia-homenajeara-a-roberto-romani-con-un-espectaculo-artistico-en-larroque\/","title":{"rendered":"La provincia homenajear\u00e1 a Roberto Romani con un espect\u00e1culo art\u00edstico en Larroque"},"content":{"rendered":"\n<p>Con un espect\u00e1culo abierto a todo el p\u00fablico, el gobierno de la provincia y la municipalidad de Larroque llevar\u00e1n a cabo &#8220;Entre R\u00edos celebra a Roberto Romani&#8221;. Ser\u00e1 el s\u00e1bado 21 de septiembre a las 20, en el SUM de esa localidad (Rocamora 411).<a href=\"https:\/\/web.whatsapp.com\/send?text=La%20provincia%20homenajear%C3%A1%20a%20Roberto%20Romani%20con%20un%20espect%C3%A1culo%20art%C3%ADstico%20en%20Larroque%20%20-%20https%3A%2F%2Fportal.entrerios.gov.ar%2Fprensa%2Fnoticias%2F11285\" target=\"_blank\" rel=\"noreferrer noopener\"><\/a><a href=\"https:\/\/twitter.com\/intent\/tweet?text=La%20provincia%20homenajear%C3%A1%20a%20Roberto%20Romani%20con%20un%20espect%C3%A1culo%20art%C3%ADstico%20en%20Larroque&amp;url=https%3A%2F%2Fportal.entrerios.gov.ar%2Fprensa%2Fnoticias%2F11285\" target=\"_blank\" rel=\"noreferrer noopener\"><\/a><a href=\"https:\/\/www.facebook.com\/sharer\/sharer.php?u=https:\/\/portal.entrerios.gov.ar\/prensa\/noticias\/11285\" target=\"_blank\" rel=\"noreferrer noopener\"><\/a><\/p>\n\n\n\n<p>Impulsado por las secretarias de Comunicaci\u00f3n y Prensa y de Cultura del gobierno provincial, tambi\u00e9n se har\u00e1 entrega de la distinci\u00f3n El Sauce, el m\u00e1ximo reconocimiento a las personas que, a lo largo de su trayectoria en el \u00e1mbito de la cultura y la comunicaci\u00f3n, han realizado aportes fundamentales para la provincia.&nbsp;<\/p>\n\n\n\n<p>&#8220;Ser\u00e1 una oportunidad para que todos abracemos a Roberto (Romani), y para que \u00e9l sienta nuevamente el cari\u00f1o de la gente de todos los rincones de la provincia que tanto lo queremos y le agradecemos&#8221;, coincidieron el secretario de Comunicaci\u00f3n y Prensa, Sergio Kneeteman, y su par de Cultura, Fabi\u00e1n Reato.&nbsp;<\/p>\n\n\n\n<p>&#8220;Adem\u00e1s de la entrega de El Sauce, vamos a contar con un espect\u00e1culo que est\u00e1n preparando artistas amigos de Roberto y que reflejar\u00e1 parte de su obra y de la maravillosa cultura de nuestra provincia&#8221;, agregaron para insistir que &#8220;la invitaci\u00f3n es abierta a todos, ser\u00e1 un espect\u00e1culo, una celebraci\u00f3n en torno a Roberto y su gran influencia sobre Entre R\u00edos&#8221;.<\/p>\n\n\n\n<p>El evento estar\u00e1 conducido por el periodista Santiago Miguel Rinaldi y contar\u00e1 con la actuaci\u00f3n de los m\u00fasicos Ricardo Elena, Claudia Figueroa, Hugo y Celestino Mena,&nbsp; y Hugo Spiazzi. Tambi\u00e9n habr\u00e1 n\u00fameros de danza a cargo de Felipe Bon, Cynthia Benedetti, Lauro Cichero y de In\u00e9s Zaragoza De Angeli. Adem\u00e1s habr\u00e1 una intervenci\u00f3n en vivo del artista pl\u00e1stico Vicente Cuneo.<\/p>\n\n\n\n<p><strong>Un entrerriano que celebramos<\/strong><\/p>\n\n\n\n<p>Romani naci\u00f3 en Larroque, en 1957 y vivi\u00f3 con su familia en la zona rural hasta los 15 a\u00f1os. Se licenci\u00f3 en Ciencias de la Comunicaci\u00f3n Social y trabaj\u00f3 en el Diario Noticias de Gualeguaych\u00fa y en Radio Gualeguay, colaborando permanentemente con medios period\u00edsticos de la regi\u00f3n.<\/p>\n\n\n\n<p>Ha escrito 400 obras musicales, tiene 30 libros publicados, 16 grabaciones con poemas y melod\u00edas del litoral y 5 trabajos audiovisuales. Fue director de la Editorial de Entre R\u00edos y Secretario de Cultura de la Provincia. Adem\u00e1s, ha recorrido la provincia y el pa\u00eds como poeta y animador de Fiestas Populares.<\/p>\n\n\n\n<p>Entre otros reconocimientos que ha recibido a lo largo de su carrera, Romani fue declarado Pr\u00f3cer de la Cultura por el Museo del Cabildo de Buenos Aires y el Instituto de Arte Folcl\u00f3rico. La Liga de Madres de Familia de la Argentina le otorg\u00f3 el Premio Santa Clara de As\u00eds, y la C\u00e1mara de Senadores de Entre R\u00edos lo declar\u00f3 Ciudadano Ilustre. Tambi\u00e9n el Senado de la Naci\u00f3n le otorg\u00f3 la Menci\u00f3n de Honor &#8220;Senador Domingo Faustino Sarmiento&#8221; y las asociaciones argentinas de Escritores y de Int\u00e9rpretes lo reconocieron por su aporte a la cultura nacional. Las Comisiones Asesoras Nacionales del Ministerio de Educaci\u00f3n de la Naci\u00f3n seleccionaron su producci\u00f3n po\u00e9tica para ser distribuida en todo el pa\u00eds.<\/p>\n","protected":false},"excerpt":{"rendered":"<p>Con un espect\u00e1culo abierto a todo el p\u00fablico, el gobierno de la provincia y la municipalidad de Larroque llevar\u00e1n a cabo &#8220;Entre R\u00edos celebra a Roberto Romani&#8221;. Ser\u00e1 el s\u00e1bado 21 de septiembre a las 20, en el SUM de esa localidad (Rocamora 411). Impulsado por las secretarias de Comunicaci\u00f3n y Prensa y de Cultura [&hellip;]<\/p>\n","protected":false},"author":5,"featured_media":11773,"comment_status":"open","ping_status":"open","sticky":false,"template":"","format":"standard","meta":{"_et_pb_use_builder":"off","_et_pb_old_content":"","_et_gb_content_width":"","footnotes":""},"categories":[1,28],"tags":[],"class_list":["post-11772","post","type-post","status-publish","format-standard","has-post-thumbnail","hentry","category-destacado","category-noticias"],"_links":{"self":[{"href":"https:\/\/www.entrerios.gov.ar\/cultura\/wp-json\/wp\/v2\/posts\/11772","targetHints":{"allow":["GET"]}}],"collection":[{"href":"https:\/\/www.entrerios.gov.ar\/cultura\/wp-json\/wp\/v2\/posts"}],"about":[{"href":"https:\/\/www.entrerios.gov.ar\/cultura\/wp-json\/wp\/v2\/types\/post"}],"author":[{"embeddable":true,"href":"https:\/\/www.entrerios.gov.ar\/cultura\/wp-json\/wp\/v2\/users\/5"}],"replies":[{"embeddable":true,"href":"https:\/\/www.entrerios.gov.ar\/cultura\/wp-json\/wp\/v2\/comments?post=11772"}],"version-history":[{"count":1,"href":"https:\/\/www.entrerios.gov.ar\/cultura\/wp-json\/wp\/v2\/posts\/11772\/revisions"}],"predecessor-version":[{"id":11774,"href":"https:\/\/www.entrerios.gov.ar\/cultura\/wp-json\/wp\/v2\/posts\/11772\/revisions\/11774"}],"wp:featuredmedia":[{"embeddable":true,"href":"https:\/\/www.entrerios.gov.ar\/cultura\/wp-json\/wp\/v2\/media\/11773"}],"wp:attachment":[{"href":"https:\/\/www.entrerios.gov.ar\/cultura\/wp-json\/wp\/v2\/media?parent=11772"}],"wp:term":[{"taxonomy":"category","embeddable":true,"href":"https:\/\/www.entrerios.gov.ar\/cultura\/wp-json\/wp\/v2\/categories?post=11772"},{"taxonomy":"post_tag","embeddable":true,"href":"https:\/\/www.entrerios.gov.ar\/cultura\/wp-json\/wp\/v2\/tags?post=11772"}],"curies":[{"name":"wp","href":"https:\/\/api.w.org\/{rel}","templated":true}]}}