{"id":11780,"date":"2024-09-18T12:24:49","date_gmt":"2024-09-18T12:24:49","guid":{"rendered":"https:\/\/www.entrerios.gov.ar\/cultura\/?p=11780"},"modified":"2024-09-18T15:02:53","modified_gmt":"2024-09-18T15:02:53","slug":"el-museo-provincial-de-bellas-artes-organiza-un-curso-sobre-conservacion-de-obras","status":"publish","type":"post","link":"https:\/\/www.entrerios.gov.ar\/cultura\/el-museo-provincial-de-bellas-artes-organiza-un-curso-sobre-conservacion-de-obras\/","title":{"rendered":"El Museo Provincial de Bellas Artes Organiza un curso sobre Conservaci\u00f3n de Obras"},"content":{"rendered":"\n<p>Organizado por la Asociaci\u00f3n de Amigos del Museo Provincial de Bellas Artes y dictado por la especialista Maia del Rosario Rodr\u00edguez, se dictar\u00e1 un curso sobre la Conservaci\u00f3n de Obras. Consistir\u00e1 en dos encuentros. La actividad tiene arancel y requiere inscripci\u00f3n.\u00a0<\/p>\n\n\n\n<p><em>Conservaci\u00f3n de Obras: \u00bfC\u00f3mo conservo mi obra a partir del uso de materiales no tradicionales?\u00a0<\/em>se denomina la instancia de formaci\u00f3n que propone el Museo Provincial de Bellas Artes para el viernes\u00a020 y viernes 27 de septiembre. La iniciativa que cuenta con el patrocinio de la Asociaci\u00f3n de Amigos del Museo es coordinada por la Mag. y Arql. Maia del Rosario Rodr\u00edguez.<\/p>\n\n\n\n<p>La propuesta tiene como objetivo capacitar a artistas pl\u00e1sticos y fot\u00f3grafos en t\u00e9cnicas y principios de conservaci\u00f3n de obras contempor\u00e1neas, enfoc\u00e1ndose en nuevos materiales y las implicaciones para su preservaci\u00f3n a largo plazo. El curso tiene un costo de $10.000 y cubre un dossier digital con informaci\u00f3n y certificado de participaci\u00f3n.&nbsp;<\/p>\n\n\n\n<p>Entre los contenidos de la primera jornada se encuentran la Introducci\u00f3n y la Teor\u00eda de la Conservaci\u00f3n de Obras Contempor\u00e1neas (Materiales; Desaf\u00edos en la Conservaci\u00f3n; Fundamentos de la Conservaci\u00f3n Preventiva). Para el segundo encuentro se desarrollar\u00e1n las unidades referidas a las T\u00e9cnicas de Conservaci\u00f3n y Gesti\u00f3n de Patrimonio (T\u00e9cnicas de Conservaci\u00f3n de Obras; y Preservaci\u00f3n como Ingreso al Patrimonio del Museo). Cada una de las jornadas tendr\u00e1, a su vez, una parte pr\u00e1ctica con an\u00e1lisis de materiales y tratamientos. Finalmente est\u00e1 pensada una instancia optativa de evaluaci\u00f3n.&nbsp;<\/p>\n\n\n\n<p>Para inscripciones completar el siguiente<strong>&nbsp;<\/strong><a href=\"https:\/\/docs.google.com\/forms\/d\/e\/1FAIpQLSfRQ9BEIxXB2w138BIG6fz-C0rbo8ZkopzNaAadDCvmE5uA3A\/viewform\" target=\"_blank\" rel=\"noreferrer noopener\"><strong>FORMULARIO&nbsp;<\/strong><\/a><\/p>\n\n\n\n<p>Para m\u00e1s informaci\u00f3n contactarse con el Museo<\/p>\n\n\n\n<p>Buenos Aires 355, Paran\u00e1, Entre R\u00edos<\/p>\n\n\n\n<p>Contacto 0343 4207868&nbsp;<\/p>\n\n\n\n<p><a href=\"mailto:gestionbellasartes@gmail.com\" target=\"_blank\" rel=\"noreferrer noopener\">gestionbellasartes@gmail.com<\/a><\/p>\n","protected":false},"excerpt":{"rendered":"<p>Organizado por la Asociaci\u00f3n de Amigos del Museo Provincial de Bellas Artes y dictado por la especialista Maia del Rosario Rodr\u00edguez, se dictar\u00e1 un curso sobre la Conservaci\u00f3n de Obras. Consistir\u00e1 en dos encuentros. La actividad tiene arancel y requiere inscripci\u00f3n.\u00a0 Conservaci\u00f3n de Obras: \u00bfC\u00f3mo conservo mi obra a partir del uso de materiales no [&hellip;]<\/p>\n","protected":false},"author":5,"featured_media":11781,"comment_status":"open","ping_status":"open","sticky":false,"template":"","format":"standard","meta":{"_et_pb_use_builder":"off","_et_pb_old_content":"","_et_gb_content_width":"","footnotes":""},"categories":[1,28,9],"tags":[],"class_list":["post-11780","post","type-post","status-publish","format-standard","has-post-thumbnail","hentry","category-destacado","category-noticias","category-museo-bellas-artes"],"_links":{"self":[{"href":"https:\/\/www.entrerios.gov.ar\/cultura\/wp-json\/wp\/v2\/posts\/11780","targetHints":{"allow":["GET"]}}],"collection":[{"href":"https:\/\/www.entrerios.gov.ar\/cultura\/wp-json\/wp\/v2\/posts"}],"about":[{"href":"https:\/\/www.entrerios.gov.ar\/cultura\/wp-json\/wp\/v2\/types\/post"}],"author":[{"embeddable":true,"href":"https:\/\/www.entrerios.gov.ar\/cultura\/wp-json\/wp\/v2\/users\/5"}],"replies":[{"embeddable":true,"href":"https:\/\/www.entrerios.gov.ar\/cultura\/wp-json\/wp\/v2\/comments?post=11780"}],"version-history":[{"count":2,"href":"https:\/\/www.entrerios.gov.ar\/cultura\/wp-json\/wp\/v2\/posts\/11780\/revisions"}],"predecessor-version":[{"id":11791,"href":"https:\/\/www.entrerios.gov.ar\/cultura\/wp-json\/wp\/v2\/posts\/11780\/revisions\/11791"}],"wp:featuredmedia":[{"embeddable":true,"href":"https:\/\/www.entrerios.gov.ar\/cultura\/wp-json\/wp\/v2\/media\/11781"}],"wp:attachment":[{"href":"https:\/\/www.entrerios.gov.ar\/cultura\/wp-json\/wp\/v2\/media?parent=11780"}],"wp:term":[{"taxonomy":"category","embeddable":true,"href":"https:\/\/www.entrerios.gov.ar\/cultura\/wp-json\/wp\/v2\/categories?post=11780"},{"taxonomy":"post_tag","embeddable":true,"href":"https:\/\/www.entrerios.gov.ar\/cultura\/wp-json\/wp\/v2\/tags?post=11780"}],"curies":[{"name":"wp","href":"https:\/\/api.w.org\/{rel}","templated":true}]}}