{"id":11827,"date":"2024-09-30T17:51:11","date_gmt":"2024-09-30T17:51:11","guid":{"rendered":"https:\/\/www.entrerios.gov.ar\/cultura\/?p=11827"},"modified":"2024-09-30T17:51:14","modified_gmt":"2024-09-30T17:51:14","slug":"con-importante-acompanamiento-de-publico-cerrito-inauguro-el-programa-la-noche-de-las-ciudades","status":"publish","type":"post","link":"https:\/\/www.entrerios.gov.ar\/cultura\/con-importante-acompanamiento-de-publico-cerrito-inauguro-el-programa-la-noche-de-las-ciudades\/","title":{"rendered":"Con importante acompa\u00f1amiento de p\u00fablico Cerrito inaugur\u00f3 el programa La Noche de las Ciudades"},"content":{"rendered":"\n<p>Impulsado desde la Secretar\u00eda de Cultura de la Provincia y la Casa de la Cultura se celebr\u00f3 el primer encuentro, donde el p\u00fablico disfrut\u00f3 de una gran variedad de propuestas art\u00edsticas y culturales de la localidad de Cerrito.&nbsp;&nbsp;<\/p>\n\n\n\n<p>El objetivo central del programa es vincular a gestores, instituciones y organizaciones de la sociedad. Al mismo tiempo, pretende incentivar actividades de hacedores culturales de toda la provincia, y garantizar una oferta atractiva para ser apreciada por el p\u00fablico en general.<\/p>\n\n\n\n<p>El pasado s\u00e1bado 28 de septiembre y con la presencia de autoridades provinciales y municipales transcurri\u00f3 la primera experiencia:&nbsp;<em>Cerrito se muestra.&nbsp;<\/em>Desde horas de la tarde, unos 120 artistas de Cerrito participaron de exposiciones de artes visuales, danza, canto y m\u00fasica. El evento reuni\u00f3 tambi\u00e9n puestos de gastronom\u00eda, plantas y artesan\u00edas.&nbsp;<\/p>\n\n\n\n<p>Durante el encuentro se llev\u00f3 a cabo una muestra de un taller municipal de la que participaron 15 artistas y que lleva el nombre&nbsp;<em>Arte y territorio<\/em>&nbsp;dictado por Guillermo Vezzosi, artista internacional oriundo de Cerrito.&nbsp;<\/p>\n\n\n\n<figure class=\"wp-block-image\"><img loading=\"lazy\" decoding=\"async\" width=\"1600\" height=\"1059\" src=\"https:\/\/www.entrerios.gov.ar\/cultura\/wp-content\/uploads\/2024\/09\/image-13.jpeg\" alt=\"\" class=\"wp-image-11829\" srcset=\"https:\/\/www.entrerios.gov.ar\/cultura\/wp-content\/uploads\/2024\/09\/image-13.jpeg 1600w, https:\/\/www.entrerios.gov.ar\/cultura\/wp-content\/uploads\/2024\/09\/image-13-1280x847.jpeg 1280w, https:\/\/www.entrerios.gov.ar\/cultura\/wp-content\/uploads\/2024\/09\/image-13-980x649.jpeg 980w, https:\/\/www.entrerios.gov.ar\/cultura\/wp-content\/uploads\/2024\/09\/image-13-480x318.jpeg 480w\" sizes=\"auto, (min-width: 0px) and (max-width: 480px) 480px, (min-width: 481px) and (max-width: 980px) 980px, (min-width: 981px) and (max-width: 1280px) 1280px, (min-width: 1281px) 1600px, 100vw\" \/><\/figure>\n\n\n\n<p>Desde la organizaci\u00f3n del evento resaltaron que la iniciativa busca ofrecer a todos los municipios habitar el Centro Cultural Casa de la Cultura ubicado en la capital de la provincia, con la idea de que puedan apropiarse de la instituci\u00f3n exponiendo y dando a conocer lo que se viene produciendo en torno al arte y la cultura. Se despidieron agradeciendo la numerosa asistencia del p\u00fablico e invitaron a visitar la exposici\u00f3n que tendr\u00e1 una semana de duraci\u00f3n, y se podr\u00e1 recorrer en los horarios de funcionamiento de la Casa de la Cultura.&nbsp;<\/p>\n\n\n\n<figure class=\"wp-block-image\"><img decoding=\"async\" src=\"https:\/\/mail.google.com\/mail\/u\/4?ui=2&amp;ik=ac7f2e9e47&amp;attid=0.0.1&amp;permmsgid=msg-a:r-3925997111623275220&amp;th=192440d07eceec47&amp;view=fimg&amp;fur=ip&amp;sz=s0-l75-ft&amp;attbid=ANGjdJ_UayiSClD77L-9flC66plNm3wXmEAYJ3-1iK4soHS0TctYT-KPhVYEoCTT4OaSKjRhZeevrS51hRo2sg5kCZRxgkTCcgt2okE6Ngb2UXjx9ay7bnMI6I6qbdI&amp;disp=emb&amp;realattid=ii_m1paxr5p3\" alt=\"3_Noche de las ciudades.jpg\"\/><\/figure>\n\n\n\n<p><strong>M\u00e1s informaci\u00f3n:&nbsp;<\/strong><\/p>\n\n\n\n<p>Casa de la Cultura de Entre R\u00edos<\/p>\n\n\n\n<p>Direcci\u00f3n: Enrique Carb\u00f3 194. Paran\u00e1.<\/p>\n\n\n\n<p>Tel\u00e9fono: 0343 420-7901<\/p>\n\n\n\n<p>Correo electr\u00f3nico:&nbsp;<a href=\"mailto:casaculturaentrerios@gmail.com\" target=\"_blank\" rel=\"noreferrer noopener\">casaculturaentrerios@gmail.com<\/a><\/p>\n\n\n\n<p>Facebook:&nbsp;<a href=\"https:\/\/www.facebook.com\/casacultura.entrerios\/\" target=\"_blank\" rel=\"noreferrer noopener\">https:\/\/www.facebook.com\/casacultura.entrerios\/<\/a><\/p>\n","protected":false},"excerpt":{"rendered":"<p>Impulsado desde la Secretar\u00eda de Cultura de la Provincia y la Casa de la Cultura se celebr\u00f3 el primer encuentro, donde el p\u00fablico disfrut\u00f3 de una gran variedad de propuestas art\u00edsticas y culturales de la localidad de Cerrito.&nbsp;&nbsp; El objetivo central del programa es vincular a gestores, instituciones y organizaciones de la sociedad. Al mismo [&hellip;]<\/p>\n","protected":false},"author":5,"featured_media":11828,"comment_status":"open","ping_status":"open","sticky":false,"template":"","format":"standard","meta":{"_et_pb_use_builder":"off","_et_pb_old_content":"","_et_gb_content_width":"","footnotes":""},"categories":[1,28,19,132],"tags":[],"class_list":["post-11827","post","type-post","status-publish","format-standard","has-post-thumbnail","hentry","category-destacado","category-noticias","category-casa-de-la-cultura-de-er","category-consejo-provincial-de-teatro"],"_links":{"self":[{"href":"https:\/\/www.entrerios.gov.ar\/cultura\/wp-json\/wp\/v2\/posts\/11827","targetHints":{"allow":["GET"]}}],"collection":[{"href":"https:\/\/www.entrerios.gov.ar\/cultura\/wp-json\/wp\/v2\/posts"}],"about":[{"href":"https:\/\/www.entrerios.gov.ar\/cultura\/wp-json\/wp\/v2\/types\/post"}],"author":[{"embeddable":true,"href":"https:\/\/www.entrerios.gov.ar\/cultura\/wp-json\/wp\/v2\/users\/5"}],"replies":[{"embeddable":true,"href":"https:\/\/www.entrerios.gov.ar\/cultura\/wp-json\/wp\/v2\/comments?post=11827"}],"version-history":[{"count":1,"href":"https:\/\/www.entrerios.gov.ar\/cultura\/wp-json\/wp\/v2\/posts\/11827\/revisions"}],"predecessor-version":[{"id":11830,"href":"https:\/\/www.entrerios.gov.ar\/cultura\/wp-json\/wp\/v2\/posts\/11827\/revisions\/11830"}],"wp:featuredmedia":[{"embeddable":true,"href":"https:\/\/www.entrerios.gov.ar\/cultura\/wp-json\/wp\/v2\/media\/11828"}],"wp:attachment":[{"href":"https:\/\/www.entrerios.gov.ar\/cultura\/wp-json\/wp\/v2\/media?parent=11827"}],"wp:term":[{"taxonomy":"category","embeddable":true,"href":"https:\/\/www.entrerios.gov.ar\/cultura\/wp-json\/wp\/v2\/categories?post=11827"},{"taxonomy":"post_tag","embeddable":true,"href":"https:\/\/www.entrerios.gov.ar\/cultura\/wp-json\/wp\/v2\/tags?post=11827"}],"curies":[{"name":"wp","href":"https:\/\/api.w.org\/{rel}","templated":true}]}}