{"id":11860,"date":"2024-10-14T10:36:16","date_gmt":"2024-10-14T10:36:16","guid":{"rendered":"https:\/\/www.entrerios.gov.ar\/cultura\/?p=11860"},"modified":"2024-10-14T10:36:18","modified_gmt":"2024-10-14T10:36:18","slug":"se-presentara-el-espectaculo-piano-adentro-con-entrada-gratuita-en-colon","status":"publish","type":"post","link":"https:\/\/www.entrerios.gov.ar\/cultura\/se-presentara-el-espectaculo-piano-adentro-con-entrada-gratuita-en-colon\/","title":{"rendered":"Se presentar\u00e1 el espect\u00e1culo Piano Adentro con entrada gratuita en Col\u00f3n\u00a0"},"content":{"rendered":"\n<p>Desde la Secretar\u00eda de Cultura de Entre R\u00edos invitan al espect\u00e1culo <em>Piano Adentro Solistas Litorale\u00f1os<\/em> que se realizar\u00e1 el pr\u00f3ximo 19 de octubre a las 20:30 en la Biblioteca Popular de la ciudad de Col\u00f3n. Cuatro pianistas entrerrianos brindar\u00e1n una propuesta imperdible.<\/p>\n\n\n\n<p>Con entrada libre y gratuita los integrantes del proyecto musical <em>Piano Adentro<\/em> proponen un concierto donde el instrumento ser\u00e1 protagonista de un exquisito repertorio. Se trata de un espect\u00e1culo de piano solo interpretado por Aline Soto, Kevin Mernez, Silvia Teijeira y Lucio Salisky.<\/p>\n\n\n\n<p>La actividad ser\u00e1 en la Biblioteca Popular de la ciudad de Col\u00f3n se encuentra ubicada en 12 de Abril 208.&nbsp;<\/p>\n\n\n\n<p>El pasado mi\u00e9rcoles se llev\u00f3 a cabo la presentaci\u00f3n del ciclo y los protagonistas tuvieron oportunidad de invitar a los conciertos que se realizar\u00e1n en diferentes ciudades de la provincia, comenzando este s\u00e1bado en Col\u00f3n. \u201cEste ciclo trata de un encuentro en torno a un instrumento maravilloso que es el piano y que usualmente se escucha desde la m\u00fasica centroeuropea, el jazz. Nuestra propuesta es de m\u00fasica litorale\u00f1a en cuanto a las especies que tocamos, como tambi\u00e9n por la procedencia de los autores y autoras interpretados\u201d, explic\u00f3 Silvia Teijeira.&nbsp;<\/p>\n\n\n\n<p>En la presentaci\u00f3n Aline Soto tambi\u00e9n expres\u00f3 su entusiasmo por los recitales que se concretar\u00e1n, y dijo: \u201ccada uno de nosotros tiene una identidad propia que confluye de manera armoniosa en el escenario. Personalmente me dedico al repertorio de Remo Pignoni; Kevin (Mernez) hace m\u00fasica propia con identidad litorale\u00f1a y tambi\u00e9n del folclore; Silvia (Teijeira) hace m\u00fasica folkl\u00f3rica en piano y obras de su autor\u00eda; y Lucio (Salisky) se dedica al tango\u201d.<\/p>\n\n\n\n<p><strong>Trayectorias<\/strong><\/p>\n\n\n\n<p>Aline Soto es docente e int\u00e9rprete de m\u00fasica de ra\u00edz folkl\u00f3rica para piano solo. De coraz\u00f3n paranaense, naci\u00f3 en Libertador San Mart\u00edn, Diamante. Inici\u00f3 sus estudios de piano a los seis a\u00f1os. Se form\u00f3 como Profesora de M\u00fasica en la Escuela de M\u00fasica, Danza y Teatro Prof. Constancio Carminio de Paran\u00e1. En estos \u00faltimos a\u00f1os, ha estudiado sistem\u00e1ticamente la obra del compositor santafesino Remo Pignoni.<\/p>\n\n\n\n<p>Kevin Mernez es m\u00fasico, compositor, arreglador y docente nogoyaense. Actualmente reside en Concepci\u00f3n del Uruguay. En 2021 public\u00f3 el disco Aires del Monte, que fue grabado en el estudio Casa Frida en Campana, Buenos Aires. Este \u00e1lbum contiene diez piezas musicales in\u00e9ditas y artesanales abordadas desde la composici\u00f3n, el piano y la voz, que buscan pintar lo amorfo de sonidos que vibran hacia adentro del litoral.<\/p>\n\n\n\n<p>Silvia Teijeira, federalense que reside en Paran\u00e1 desde los 12 a\u00f1os, es una pianista y compositora que estudia, compone, versiona e interpreta m\u00fasica argentina de ra\u00edz folkl\u00f3rica, con \u00e9nfasis en Entre R\u00edos y el litoral. Estudi\u00f3 con destacados m\u00fasicos como Graciela Reca, Marcela Mart\u00ednez, Carlos Negro Aguirre, Hilda Herrera y Ra\u00fal Barboza. Pronto saldr\u00e1 su cuarto disco solista.<\/p>\n\n\n\n<p>Lucio Salisky estudi\u00f3 piano en la Escuela de M\u00fasica de Rosario del Tala y en la Escuela Provincial Superior de M\u00fasica Celia Torr\u00e1 de Concepci\u00f3n del Uruguay. En paralelo, se dedic\u00f3 al estudio del tango como piano solista e instrumento de conjunto. A lo largo de su camino musical, integr\u00f3 m\u00faltiples formaciones y se destaca su participaci\u00f3n en dos ediciones de la Cumbre Mundial del Tango.<\/p>\n\n\n\n<p><em>En la foto Aline Soto. <\/em><em>Foto: Melina Londero.&nbsp;<\/em><\/p>\n","protected":false},"excerpt":{"rendered":"<p>Desde la Secretar\u00eda de Cultura de Entre R\u00edos invitan al espect\u00e1culo Piano Adentro Solistas Litorale\u00f1os que se realizar\u00e1 el pr\u00f3ximo 19 de octubre a las 20:30 en la Biblioteca Popular de la ciudad de Col\u00f3n. Cuatro pianistas entrerrianos brindar\u00e1n una propuesta imperdible. Con entrada libre y gratuita los integrantes del proyecto musical Piano Adentro proponen [&hellip;]<\/p>\n","protected":false},"author":5,"featured_media":11861,"comment_status":"open","ping_status":"open","sticky":false,"template":"","format":"standard","meta":{"_et_pb_use_builder":"off","_et_pb_old_content":"","_et_gb_content_width":"","footnotes":""},"categories":[1,28],"tags":[],"class_list":["post-11860","post","type-post","status-publish","format-standard","has-post-thumbnail","hentry","category-destacado","category-noticias"],"_links":{"self":[{"href":"https:\/\/www.entrerios.gov.ar\/cultura\/wp-json\/wp\/v2\/posts\/11860","targetHints":{"allow":["GET"]}}],"collection":[{"href":"https:\/\/www.entrerios.gov.ar\/cultura\/wp-json\/wp\/v2\/posts"}],"about":[{"href":"https:\/\/www.entrerios.gov.ar\/cultura\/wp-json\/wp\/v2\/types\/post"}],"author":[{"embeddable":true,"href":"https:\/\/www.entrerios.gov.ar\/cultura\/wp-json\/wp\/v2\/users\/5"}],"replies":[{"embeddable":true,"href":"https:\/\/www.entrerios.gov.ar\/cultura\/wp-json\/wp\/v2\/comments?post=11860"}],"version-history":[{"count":1,"href":"https:\/\/www.entrerios.gov.ar\/cultura\/wp-json\/wp\/v2\/posts\/11860\/revisions"}],"predecessor-version":[{"id":11862,"href":"https:\/\/www.entrerios.gov.ar\/cultura\/wp-json\/wp\/v2\/posts\/11860\/revisions\/11862"}],"wp:featuredmedia":[{"embeddable":true,"href":"https:\/\/www.entrerios.gov.ar\/cultura\/wp-json\/wp\/v2\/media\/11861"}],"wp:attachment":[{"href":"https:\/\/www.entrerios.gov.ar\/cultura\/wp-json\/wp\/v2\/media?parent=11860"}],"wp:term":[{"taxonomy":"category","embeddable":true,"href":"https:\/\/www.entrerios.gov.ar\/cultura\/wp-json\/wp\/v2\/categories?post=11860"},{"taxonomy":"post_tag","embeddable":true,"href":"https:\/\/www.entrerios.gov.ar\/cultura\/wp-json\/wp\/v2\/tags?post=11860"}],"curies":[{"name":"wp","href":"https:\/\/api.w.org\/{rel}","templated":true}]}}