{"id":11863,"date":"2024-10-15T12:44:55","date_gmt":"2024-10-15T12:44:55","guid":{"rendered":"https:\/\/www.entrerios.gov.ar\/cultura\/?p=11863"},"modified":"2024-10-15T12:44:56","modified_gmt":"2024-10-15T12:44:56","slug":"el-gobierno-designo-a-julian-stoppello-como-secretario-de-cultura-de-la-provincia","status":"publish","type":"post","link":"https:\/\/www.entrerios.gov.ar\/cultura\/el-gobierno-designo-a-julian-stoppello-como-secretario-de-cultura-de-la-provincia\/","title":{"rendered":"El gobierno design\u00f3 a Juli\u00e1n Stoppello como secretario de Cultura de la provincia"},"content":{"rendered":"\n<p>Este lunes, el ministro de Gobierno y Trabajo, Manuel Troncoso puso en funciones a Juli\u00e1n Stoppello como nuevo secretario de Cultura. Stoppello es impulsor de diversas propuestas culturales dedicadas a la literatura y viene de dirigir la Editorial Municipal de Paran\u00e1.<\/p>\n\n\n\n<p>El gobierno design\u00f3 a Juli\u00e1n Stoppello como secretario de Cultura de la provincia. &#8220;Juli\u00e1n tiene una trayectoria en el \u00e1mbito cultural y, sobre todo, comparte un objetivo que para nosotros es clave: hacer que la cultura llegue a todos los rincones de Entre R\u00edos, y que podamos disfrutar con alegr\u00eda de lo nuestro. Apostamos a descentralizar la cultura, a trabajar de la mano con las comunidades locales para que las iniciativas culturales se multipliquen y sean un motor de desarrollo y uni\u00f3n. En ese camino vamos a trabajar&#8221;, afirm\u00f3 Troncoso.<\/p>\n\n\n\n<p>El ministro agradeci\u00f3 y valor\u00f3 la tarea del secretario saliente, Fabi\u00e1n Reato, y dijo: &#8220;Fabi\u00e1n hizo un gran trabajo y continuar\u00e1 siendo parte del equipo, teniendo a cargo la Editorial de Entre R\u00edos&#8221;.<\/p>\n\n\n\n<p>La presentaci\u00f3n de Stoppello fue en un encuentro junto al gabinete y a los trabajadores de la Secretar\u00eda.&nbsp;<\/p>\n\n\n\n<p><strong>Sobre Stoppello<\/strong><\/p>\n\n\n\n<p>Juli\u00e1n Stoppello naci\u00f3 en Paran\u00e1 en 1977. Comenz\u00f3 a trabajar como periodista en la revista An\u00e1lisis a los 19 a\u00f1os. Se desempe\u00f1\u00f3 en radio, televisi\u00f3n y, fundamentalmente, en gr\u00e1fica: durante 13 a\u00f1os fue redactor de El Diario de Paran\u00e1.<\/p>\n\n\n\n<p>Es autor de m\u00faltiples obras literarias, entre ellas, &#8220;Perro Preso y otros cuentos de f\u00fatbol&#8221; (2003); &#8220;An\u00edbal S\u00e1nchez, el diez entrerriano&#8221; (2007); la historia del b\u00e1squet de la provincia en &#8220;Entre R\u00edos de pasi\u00f3n y oro&#8221; (2010) y &#8220;Mala Letra&#8221; (La Hendija, 2012). En 2016 fue seleccionado con su libro de cuentos &#8220;El lugar de las sombras perdidas&#8221;, por el Ministerio de Cultura de la Naci\u00f3n para integrar la colecci\u00f3n Leer es futuro. Tambi\u00e9n public\u00f3 dos libros cuentos para las infancias: &#8220;Tormenta&#8221; (2018) y &#8220;Con una nube en la cabeza&#8221; (segundo premio del certamen nacional de Libro \u00c1lbum &#8220;Luis Jos\u00e9 de Tejeda&#8221;, junto a la artista visual Lorena Cabello).<\/p>\n\n\n\n<figure class=\"wp-block-image\"><img decoding=\"async\" src=\"https:\/\/lh7-rt.googleusercontent.com\/docsz\/AD_4nXeXOmXecAGpdQeCXhAkauNPm6sN2Y7ogZ4JdZYE9CICx6-bmgwAmZP4XiIlrm4LjXADreK9s017M8zXibOz8CoIFcu7KfkxadtR4AiQ1tcmOPs9AGdQQRLOcdSYtfJs78Vaqma3KJG6BPfbWATwCJirE2U?key=6pugjmd6qaAXqL6KDi1P4g\" alt=\"\"\/><\/figure>\n\n\n\n<p>Fue cofundador del sitio digital www.entreriosahora.com y de www.eraverde.com.ar. Hasta octubre de 2024 fue director de la Editorial Municipal Paran\u00e1 y estuvo a cargo de la feria del libro Paran\u00e1 Lee.<\/p>\n","protected":false},"excerpt":{"rendered":"<p>Este lunes, el ministro de Gobierno y Trabajo, Manuel Troncoso puso en funciones a Juli\u00e1n Stoppello como nuevo secretario de Cultura. Stoppello es impulsor de diversas propuestas culturales dedicadas a la literatura y viene de dirigir la Editorial Municipal de Paran\u00e1. El gobierno design\u00f3 a Juli\u00e1n Stoppello como secretario de Cultura de la provincia. &#8220;Juli\u00e1n [&hellip;]<\/p>\n","protected":false},"author":5,"featured_media":11864,"comment_status":"open","ping_status":"open","sticky":false,"template":"","format":"standard","meta":{"_et_pb_use_builder":"off","_et_pb_old_content":"","_et_gb_content_width":"","footnotes":""},"categories":[1,28],"tags":[],"class_list":["post-11863","post","type-post","status-publish","format-standard","has-post-thumbnail","hentry","category-destacado","category-noticias"],"_links":{"self":[{"href":"https:\/\/www.entrerios.gov.ar\/cultura\/wp-json\/wp\/v2\/posts\/11863","targetHints":{"allow":["GET"]}}],"collection":[{"href":"https:\/\/www.entrerios.gov.ar\/cultura\/wp-json\/wp\/v2\/posts"}],"about":[{"href":"https:\/\/www.entrerios.gov.ar\/cultura\/wp-json\/wp\/v2\/types\/post"}],"author":[{"embeddable":true,"href":"https:\/\/www.entrerios.gov.ar\/cultura\/wp-json\/wp\/v2\/users\/5"}],"replies":[{"embeddable":true,"href":"https:\/\/www.entrerios.gov.ar\/cultura\/wp-json\/wp\/v2\/comments?post=11863"}],"version-history":[{"count":1,"href":"https:\/\/www.entrerios.gov.ar\/cultura\/wp-json\/wp\/v2\/posts\/11863\/revisions"}],"predecessor-version":[{"id":11865,"href":"https:\/\/www.entrerios.gov.ar\/cultura\/wp-json\/wp\/v2\/posts\/11863\/revisions\/11865"}],"wp:featuredmedia":[{"embeddable":true,"href":"https:\/\/www.entrerios.gov.ar\/cultura\/wp-json\/wp\/v2\/media\/11864"}],"wp:attachment":[{"href":"https:\/\/www.entrerios.gov.ar\/cultura\/wp-json\/wp\/v2\/media?parent=11863"}],"wp:term":[{"taxonomy":"category","embeddable":true,"href":"https:\/\/www.entrerios.gov.ar\/cultura\/wp-json\/wp\/v2\/categories?post=11863"},{"taxonomy":"post_tag","embeddable":true,"href":"https:\/\/www.entrerios.gov.ar\/cultura\/wp-json\/wp\/v2\/tags?post=11863"}],"curies":[{"name":"wp","href":"https:\/\/api.w.org\/{rel}","templated":true}]}}