{"id":11879,"date":"2024-10-19T15:42:00","date_gmt":"2024-10-19T15:42:00","guid":{"rendered":"https:\/\/www.entrerios.gov.ar\/cultura\/?p=11879"},"modified":"2024-10-23T16:02:16","modified_gmt":"2024-10-23T16:02:16","slug":"cortos-entrerrianos-una-seccion-fundamental-del-ficer-que-refuerza-la-identidad","status":"publish","type":"post","link":"https:\/\/www.entrerios.gov.ar\/cultura\/cortos-entrerrianos-una-seccion-fundamental-del-ficer-que-refuerza-la-identidad\/","title":{"rendered":"Cortos entrerrianos, una secci\u00f3n fundamental del FICER que refuerza la identidad"},"content":{"rendered":"\n<p>Postulaciones para la secci\u00f3n competitiva de Cortometrajes Entrerrianos ser\u00e1n recibidas hasta el pr\u00f3ximo 31 de octubre. El premio para el corto elegido por el jurado ser\u00e1 de 800.000 pesos. El FICER es organizado por iniciativa del gobierno provincial, la Secretar\u00eda de Cultura y el Instituto Aut\u00e1rquico Audiovisual de Entre R\u00edos (IAAER).&nbsp;<\/p>\n\n\n\n<p>Desde la primera edici\u00f3n del Festival Internacional de Cine de Entre R\u00edos (FICER) se ha<\/p>\n\n\n\n<p>impulsado este segmento donde participan producciones de ficci\u00f3n, animaci\u00f3n y documental. La secci\u00f3n tiene el prop\u00f3sito de dar visibilidad y fomento al cine hecho en la provincia.&nbsp;<\/p>\n\n\n\n<p>Para conocer el reglamento, acceder al enlace de inscripci\u00f3n o realizar cualquier consulta ingresar a la p\u00e1gina <a href=\"https:\/\/ficer.com.ar\/\">web del FICER<\/a>. El evento se realizar\u00e1 entre el 11 y el 15 de diciembre.<\/p>\n\n\n\n<p><strong>\u00bfQu\u00e9 dicen quienes ganaron en esta secci\u00f3n?<\/strong><\/p>\n\n\n\n<p>A continuaci\u00f3n, algunos testimonios de quienes han tenido la satisfacci\u00f3n de participar y la alegr\u00eda de haber sido premiados en a\u00f1os anteriores con sus cortometrajes.<\/p>\n\n\n\n<p>Gast\u00f3n Calivari, quien fuera reconocido en la tercera y la cuarta edici\u00f3n del FICER por sus trabajos <em>Marcel<\/em> y <em>Mellizos<\/em> indic\u00f3 que \u201cla secci\u00f3n de cortometrajes entrerrianos es la ventana para descubrir nuevos realizadores, propuestas y visiones. Es una oportunidad donde se puede experimentar y explorar nuevas formas y narrativas. Y no solo eso, sino que es un escenario para conocer tem\u00e1ticas y \u00f3pticas que refieren, en general, a Entre R\u00edos, a lo que tenemos cerca, a nosotros. Por eso, su espacio dentro del festival es muy importante. El mismo festival lo sabe y por eso le otorga un espacio privilegiado, d\u00e1ndole prioridad en su programaci\u00f3n\u201d. Luego agreg\u00f3: \u201cinscribir mis cortometrajes siempre me pareci\u00f3 lo natural para el proceso de mis proyectos. He filmado la mayor\u00eda de mis cortos en Entre R\u00edos y llegar a este festival es, para m\u00ed, el escenario m\u00e1s querido y el que m\u00e1s disfruto. Poder compartirlo con colegas, con un p\u00fablico cercano y con una organizaci\u00f3n ideal para el encuentro cinematogr\u00e1fico\u201d. Con respecto al FICER, consider\u00f3 que \u201ces un espacio sumamente importante para nuestro cine, local y nacional. Por su programaci\u00f3n, su perfil, su entusiasmo y su impulso para promocionar un cine propio de nuestra provincia\u201d.&nbsp;<\/p>\n\n\n\n<p>Por su parte, Mar\u00eda \u00c1ngeles Terraza se refiri\u00f3 al est\u00edmulo econ\u00f3mico que le signific\u00f3 ganar la secci\u00f3n con su obra <em>El r\u00edo corre<\/em>, presentada en la segunda edici\u00f3n: \u201cMis intenciones son puramente econ\u00f3micas al momento de inscribir un corto. Es decir, que el premio sea econ\u00f3mico es un gran incentivo\u201d y sobre la especificidad de la convocatoria, sostuvo que \u201ccreo profundamente que el formato de corto es la mejor forma para experimentar. Su manufactura as\u00ed lo permite: una pieza breve, en donde se puede experimentar desde el montaje hasta la manipulaci\u00f3n del material. El corto siempre fue y es la mejor pieza audiovisual para introducir una novedad\u201d.<\/p>\n\n\n\n<p>Finalmente, Guillermo Barbarov record\u00f3 la experiencia de haber sido premiado en la primera edici\u00f3n con <em>Noches de f\u00fatbol<\/em>: \u201cEl haber ganado el FICER es una gran satisfacci\u00f3n no s\u00f3lo para m\u00ed, sino para todos los que hicimos <em>Noches de F\u00fatbol<\/em> porque fue una experiencia autogestiva. La producci\u00f3n fue toda a pulm\u00f3n y hubo much\u00edsima gente involucrada con la mejor onda que trabaj\u00f3 much\u00edsimo. Entonces, el premio, el reconocimiento al esfuerzo y la alegr\u00eda es de todos\u201d. El realizador sostuvo: \u201cque exista un festival como el FICER en la provincia y que cada vez crezca m\u00e1s a pesar de la adversidad es un reconocimiento del Estado a una demanda de una serie de artistas que trabajamos en la realizaci\u00f3n audiovisual\u201d; y luego agreg\u00f3 \u201chay que buscar sustentar econ\u00f3micamente una producci\u00f3n que pueda generar los recursos para desarrollar la industria audiovisual, y, en este sentido, el aporte del Estado es fundamental porque ac\u00e1 no se est\u00e1 financiando el arte por el arte mismo, sino que se est\u00e1 desarrollando la identidad. Las historias humanas ocurren en todo el mundo y tambi\u00e9n en nuestra provincia, en nuestra ciudad, en nuestros pueblos, en nuestros barrios y en nuestras familias, pero siempre el espejo en el cual se reflejan esas historias vienen de afuera. Entonces, la manera de fortalecer la identidad es mostrar que nosotros somos as\u00ed, hablamos as\u00ed y nos pasa esto. Es fundamental que desde el Estado se financie y se invierta en la identidad, porque sin identidad realmente no somos nada\u201d.<\/p>\n\n\n\n<p>Adem\u00e1s de Calivari, Terraza y Barbarov, tambi\u00e9n ha sido ganador de la secci\u00f3n Cortometrajes entrerrianos, Marcelo Bonell con su producci\u00f3n de ficci\u00f3n <em>Pezcantora<\/em>, que en 2023 fue seleccionada por el jurado como la mejor en su rubro.<\/p>\n","protected":false},"excerpt":{"rendered":"<p>Postulaciones para la secci\u00f3n competitiva de Cortometrajes Entrerrianos ser\u00e1n recibidas hasta el pr\u00f3ximo 31 de octubre. El premio para el corto elegido por el jurado ser\u00e1 de 800.000 pesos. El FICER es organizado por iniciativa del gobierno provincial, la Secretar\u00eda de Cultura y el Instituto Aut\u00e1rquico Audiovisual de Entre R\u00edos (IAAER).&nbsp; Desde la primera edici\u00f3n [&hellip;]<\/p>\n","protected":false},"author":5,"featured_media":11880,"comment_status":"open","ping_status":"open","sticky":false,"template":"","format":"standard","meta":{"_et_pb_use_builder":"off","_et_pb_old_content":"","_et_gb_content_width":"","footnotes":""},"categories":[1,28,125,4],"tags":[],"class_list":["post-11879","post","type-post","status-publish","format-standard","has-post-thumbnail","hentry","category-destacado","category-noticias","category-ficer","category-iaaer"],"_links":{"self":[{"href":"https:\/\/www.entrerios.gov.ar\/cultura\/wp-json\/wp\/v2\/posts\/11879","targetHints":{"allow":["GET"]}}],"collection":[{"href":"https:\/\/www.entrerios.gov.ar\/cultura\/wp-json\/wp\/v2\/posts"}],"about":[{"href":"https:\/\/www.entrerios.gov.ar\/cultura\/wp-json\/wp\/v2\/types\/post"}],"author":[{"embeddable":true,"href":"https:\/\/www.entrerios.gov.ar\/cultura\/wp-json\/wp\/v2\/users\/5"}],"replies":[{"embeddable":true,"href":"https:\/\/www.entrerios.gov.ar\/cultura\/wp-json\/wp\/v2\/comments?post=11879"}],"version-history":[{"count":1,"href":"https:\/\/www.entrerios.gov.ar\/cultura\/wp-json\/wp\/v2\/posts\/11879\/revisions"}],"predecessor-version":[{"id":11881,"href":"https:\/\/www.entrerios.gov.ar\/cultura\/wp-json\/wp\/v2\/posts\/11879\/revisions\/11881"}],"wp:featuredmedia":[{"embeddable":true,"href":"https:\/\/www.entrerios.gov.ar\/cultura\/wp-json\/wp\/v2\/media\/11880"}],"wp:attachment":[{"href":"https:\/\/www.entrerios.gov.ar\/cultura\/wp-json\/wp\/v2\/media?parent=11879"}],"wp:term":[{"taxonomy":"category","embeddable":true,"href":"https:\/\/www.entrerios.gov.ar\/cultura\/wp-json\/wp\/v2\/categories?post=11879"},{"taxonomy":"post_tag","embeddable":true,"href":"https:\/\/www.entrerios.gov.ar\/cultura\/wp-json\/wp\/v2\/tags?post=11879"}],"curies":[{"name":"wp","href":"https:\/\/api.w.org\/{rel}","templated":true}]}}