{"id":11885,"date":"2024-10-22T07:09:00","date_gmt":"2024-10-22T07:09:00","guid":{"rendered":"https:\/\/www.entrerios.gov.ar\/cultura\/?p=11885"},"modified":"2024-10-18T11:15:32","modified_gmt":"2024-10-18T11:15:32","slug":"se-prepara-la-usina-en-pena-de-octubre","status":"publish","type":"post","link":"https:\/\/www.entrerios.gov.ar\/cultura\/se-prepara-la-usina-en-pena-de-octubre\/","title":{"rendered":"Se prepara la\u00a0Usina en Pe\u00f1a\u00a0de octubre"},"content":{"rendered":"\n<p>El centro cultural provincial ubicado en Paran\u00e1 prepara una nueva edici\u00f3n de la popular iniciativa&nbsp;<em>Usina en Pe\u00f1a<\/em>. Ser\u00e1 el viernes 25 de octubre con entrada libre y gratuita. Los anfitriones de la noche ser\u00e1 el grupo &#8220;Tekoayhu&#8221; de Colonia Avellaneda.&nbsp;<\/p>\n\n\n\n<p>Este viernes , dar\u00e1 comienzo un nuevo encuentro de danza colectiva, m\u00fasica y amistad. Como en cada ocasi\u00f3n ser\u00e1n protagonistas artistas oriundos de distintas localidades entrerrianas.&nbsp;&nbsp;<\/p>\n\n\n\n<p>El cronograma de la jornada anticipa un taller de danzas a la gorra a partir de las 19.30. En la instancia se trabajar\u00e1 el ritmo rasguido doble coordinado por los profesores Horacio Altamirano y Selena Videla de Bovril.&nbsp;<\/p>\n\n\n\n<p>Luego del taller comenzar\u00e1 la pe\u00f1a con la participaci\u00f3n de la Escuela de danzas folkl\u00f3ricas \u201cRa\u00edces Nuestras\u201d de la localidad de Viale. El elenco de bailarines estar\u00e1 acompa\u00f1ado por sus profesoras Giuliana y Florencia Landra. &#8220;Flor de Ceibo&#8221; -grupo de Paran\u00e1- tambi\u00e9n ser\u00e1 protagonista de la gran pista de baile, de la mano del profesor Hugo Monz\u00f3n. Adem\u00e1s, los profesores Luciana R\u00edos y Alejandro Ledesma acompa\u00f1ar\u00e1n al grupo &#8220;Los Nonos&#8221;, que llegar\u00e1n desde San Benito.<\/p>\n\n\n\n<p>El segmento musical estar\u00e1 integrado por las propuestas: Valentina Fern\u00e1ndez &#8220;La China del acorde\u00f3n&#8221;, Guille Santagati y Julio Uro; y Silvestre Caba\u00f1a.&nbsp;<\/p>\n\n\n\n<p>Como es habitual en Usina en Pe\u00f1a tambi\u00e9n se habilitar\u00e1 un micr\u00f3fono abierto, espacio para artistas emergentes, sin inscripci\u00f3n previa. En esta nueva oportunidad el servicio de cantina estar\u00e1 a cargo de la escuela anfitriona.<\/p>\n\n\n\n<p>La cita es en el Centro Cultural y de Convenciones La Vieja Usina, ubicado en calle Gregoria Matorras de San Mart\u00edn 861, de Paran\u00e1, este viernes, a partir de las 19.30. La actividad es organizada por escuelas y gestores de la comunidad de la danza, e impulsada por la Secretar\u00eda de Cultura de la Provincia de Entre R\u00edos.&nbsp;<\/p>\n\n\n\n<figure class=\"wp-block-image\"><img loading=\"lazy\" decoding=\"async\" width=\"1600\" height=\"1067\" src=\"https:\/\/www.entrerios.gov.ar\/cultura\/wp-content\/uploads\/2024\/10\/image-3.jpeg\" alt=\"\" class=\"wp-image-11887\" srcset=\"https:\/\/www.entrerios.gov.ar\/cultura\/wp-content\/uploads\/2024\/10\/image-3.jpeg 1600w, https:\/\/www.entrerios.gov.ar\/cultura\/wp-content\/uploads\/2024\/10\/image-3-1280x854.jpeg 1280w, https:\/\/www.entrerios.gov.ar\/cultura\/wp-content\/uploads\/2024\/10\/image-3-980x654.jpeg 980w, https:\/\/www.entrerios.gov.ar\/cultura\/wp-content\/uploads\/2024\/10\/image-3-480x320.jpeg 480w\" sizes=\"auto, (min-width: 0px) and (max-width: 480px) 480px, (min-width: 481px) and (max-width: 980px) 980px, (min-width: 981px) and (max-width: 1280px) 1280px, (min-width: 1281px) 1600px, 100vw\" \/><\/figure>\n","protected":false},"excerpt":{"rendered":"<p>El centro cultural provincial ubicado en Paran\u00e1 prepara una nueva edici\u00f3n de la popular iniciativa&nbsp;Usina en Pe\u00f1a. Ser\u00e1 el viernes 25 de octubre con entrada libre y gratuita. Los anfitriones de la noche ser\u00e1 el grupo &#8220;Tekoayhu&#8221; de Colonia Avellaneda.&nbsp; Este viernes , dar\u00e1 comienzo un nuevo encuentro de danza colectiva, m\u00fasica y amistad. Como [&hellip;]<\/p>\n","protected":false},"author":5,"featured_media":11886,"comment_status":"open","ping_status":"open","sticky":false,"template":"","format":"standard","meta":{"_et_pb_use_builder":"off","_et_pb_old_content":"","_et_gb_content_width":"","footnotes":""},"categories":[1,28,18],"tags":[],"class_list":["post-11885","post","type-post","status-publish","format-standard","has-post-thumbnail","hentry","category-destacado","category-noticias","category-centro-cultural-la-vieja-usina"],"_links":{"self":[{"href":"https:\/\/www.entrerios.gov.ar\/cultura\/wp-json\/wp\/v2\/posts\/11885","targetHints":{"allow":["GET"]}}],"collection":[{"href":"https:\/\/www.entrerios.gov.ar\/cultura\/wp-json\/wp\/v2\/posts"}],"about":[{"href":"https:\/\/www.entrerios.gov.ar\/cultura\/wp-json\/wp\/v2\/types\/post"}],"author":[{"embeddable":true,"href":"https:\/\/www.entrerios.gov.ar\/cultura\/wp-json\/wp\/v2\/users\/5"}],"replies":[{"embeddable":true,"href":"https:\/\/www.entrerios.gov.ar\/cultura\/wp-json\/wp\/v2\/comments?post=11885"}],"version-history":[{"count":1,"href":"https:\/\/www.entrerios.gov.ar\/cultura\/wp-json\/wp\/v2\/posts\/11885\/revisions"}],"predecessor-version":[{"id":11888,"href":"https:\/\/www.entrerios.gov.ar\/cultura\/wp-json\/wp\/v2\/posts\/11885\/revisions\/11888"}],"wp:featuredmedia":[{"embeddable":true,"href":"https:\/\/www.entrerios.gov.ar\/cultura\/wp-json\/wp\/v2\/media\/11886"}],"wp:attachment":[{"href":"https:\/\/www.entrerios.gov.ar\/cultura\/wp-json\/wp\/v2\/media?parent=11885"}],"wp:term":[{"taxonomy":"category","embeddable":true,"href":"https:\/\/www.entrerios.gov.ar\/cultura\/wp-json\/wp\/v2\/categories?post=11885"},{"taxonomy":"post_tag","embeddable":true,"href":"https:\/\/www.entrerios.gov.ar\/cultura\/wp-json\/wp\/v2\/tags?post=11885"}],"curies":[{"name":"wp","href":"https:\/\/api.w.org\/{rel}","templated":true}]}}