{"id":11909,"date":"2024-10-24T06:58:00","date_gmt":"2024-10-24T06:58:00","guid":{"rendered":"https:\/\/www.entrerios.gov.ar\/cultura\/?p=11909"},"modified":"2024-10-23T16:00:14","modified_gmt":"2024-10-23T16:00:14","slug":"el-mercado-audiovisual-regional-ante-un-nuevo-panorama","status":"publish","type":"post","link":"https:\/\/www.entrerios.gov.ar\/cultura\/el-mercado-audiovisual-regional-ante-un-nuevo-panorama\/","title":{"rendered":"El Mercado Audiovisual Regional ante un nuevo panorama"},"content":{"rendered":"\n<p>El Mercado Audiovisual Regional del Festival Internacional de Cine de Entre R\u00edos (FICER), facilita la concreci\u00f3n de ideas mediante dos secciones: Desarrollo de proyectos y Work in Progress. Desde sus inicios, el Mercado propone un panorama del presente audiovisual en sus m\u00faltiples proyecciones, y a su vez un futuro a partir del fomento de pr\u00f3ximas obras.<\/p>\n\n\n\n<p>La convocatoria, que tiene su&nbsp;<a href=\"https:\/\/drive.google.com\/file\/d\/1GvTvfbzBfQ6h6qV3QFQZlnwFUaQbk4O7\/view\" target=\"_blank\" rel=\"noreferrer noopener\">reglamento<\/a>&nbsp;espec\u00edfico, est\u00e1 abierta hasta el 31 de octubre, e incluye postulaciones de las provincias de Entre R\u00edos, Santa Fe, Corrientes, Misiones, Chaco, Formosa y C\u00f3rdoba.<\/p>\n\n\n\n<p>En el caso de Desarrollo de proyectos para cine y series, hay cuatro premios de $500.000; y en el de Work in progress, dos premios de $2.000.000. En ambos casos hay que inscribirse a trav\u00e9s de&nbsp;<a href=\"https:\/\/ficer.com.ar\/convocatoria-al-festival-ficer-2024\/\" target=\"_blank\" rel=\"noreferrer noopener\">formularios disponibles<\/a>&nbsp;en la p\u00e1gina del Festival.<\/p>\n\n\n\n<p>El FICER es organizado por iniciativa del gobierno provincial, la Secretar\u00eda de Cultura y el Instituto Aut\u00e1rquico Audiovisual de Entre R\u00edos (IAAER). Se realizar\u00e1 entre el 11 y el 15 de diciembre con entrada libre y gratuita.<\/p>\n\n\n\n<p><strong>El Mercado se vuelve industria<\/strong><\/p>\n\n\n\n<p>\u201cEs una edici\u00f3n en la cual el mercado se vuelve industria, fomento espec\u00edfico\u201d, adelant\u00f3 Sergio Mazza, director del Mercado Audiovisual Regional. \u201cEs una edici\u00f3n muy especial porque no solamente vamos a manifestar el deseo, los proyectos y la voluntad que siempre tenemos para que en Entre R\u00edos salgan m\u00e1s y mejores pel\u00edculas; sino que esta es la primera en la que el Mercado se va a hacer con el IAAER, con la nueva ley, con sus nuevos fondos, con posibilidades de firmar acuerdos con provincias coproductoras para desarrollos m\u00e1s s\u00f3lidos en la regi\u00f3n\u201d, ampli\u00f3.<\/p>\n\n\n\n<p>\u201cHasta ahora desarroll\u00e1bamos, pero despu\u00e9s el IAAER no ten\u00eda fondos para poder continuar esos proyectos. Ahora s\u00ed se podr\u00eda, entonces el Mercado va a trabajar los proyectos como lo hizo siempre, y esto va a servir para la articulaci\u00f3n con el Instituto y con las l\u00edneas de fomentos que sean necesarias seg\u00fan los proyectos que la provincia tenga\u201d, explic\u00f3 Mazza. \u201cEl Mercado se va a ampliar, se va a hacer una intersecci\u00f3n entre las regiones NEA y Centro. Como siempre con Formosa, Misiones, Corrientes y Chaco; y con el centro: Santa Fe y C\u00f3rdoba. Vamos a hacer que nuestro mercado sea el punto de encuentro de las coproducciones federales de esas dos regiones\u201d, indic\u00f3.<\/p>\n\n\n\n<p>Para el sector, el plus de este a\u00f1o al desarrollo sostenido del punto de encuentro es, precisamente, la Ley Audiovisual entrerriana en funcionamiento: \u201cun nuevo Instituto, un presidente (Maximiliano Schonfeld) con ganas de que esto suceda\u201d, defini\u00f3 Mazza. Adem\u00e1s, agreg\u00f3 que \u201cel escenario es otro, antes nos desarroll\u00e1bamos para que Entre R\u00edos salga al mundo a buscar financiaci\u00f3n, ahora es eso pero no solamente eso: es pensar todo lo que podemos hacer desde la propia provincia para que esos proyectos sean viables\u201d, concluy\u00f3.<\/p>\n\n\n\n<p>M\u00e1s informaci\u00f3n en&nbsp;<a href=\"http:\/\/www.ficer.com.ar\/\" target=\"_blank\" rel=\"noreferrer noopener\">www.ficer.com.ar<\/a><\/p>\n","protected":false},"excerpt":{"rendered":"<p>El Mercado Audiovisual Regional del Festival Internacional de Cine de Entre R\u00edos (FICER), facilita la concreci\u00f3n de ideas mediante dos secciones: Desarrollo de proyectos y Work in Progress. Desde sus inicios, el Mercado propone un panorama del presente audiovisual en sus m\u00faltiples proyecciones, y a su vez un futuro a partir del fomento de pr\u00f3ximas [&hellip;]<\/p>\n","protected":false},"author":5,"featured_media":11910,"comment_status":"open","ping_status":"open","sticky":false,"template":"","format":"standard","meta":{"_et_pb_use_builder":"off","_et_pb_old_content":"","_et_gb_content_width":"","footnotes":""},"categories":[1,28,125,4],"tags":[],"class_list":["post-11909","post","type-post","status-publish","format-standard","has-post-thumbnail","hentry","category-destacado","category-noticias","category-ficer","category-iaaer"],"_links":{"self":[{"href":"https:\/\/www.entrerios.gov.ar\/cultura\/wp-json\/wp\/v2\/posts\/11909","targetHints":{"allow":["GET"]}}],"collection":[{"href":"https:\/\/www.entrerios.gov.ar\/cultura\/wp-json\/wp\/v2\/posts"}],"about":[{"href":"https:\/\/www.entrerios.gov.ar\/cultura\/wp-json\/wp\/v2\/types\/post"}],"author":[{"embeddable":true,"href":"https:\/\/www.entrerios.gov.ar\/cultura\/wp-json\/wp\/v2\/users\/5"}],"replies":[{"embeddable":true,"href":"https:\/\/www.entrerios.gov.ar\/cultura\/wp-json\/wp\/v2\/comments?post=11909"}],"version-history":[{"count":1,"href":"https:\/\/www.entrerios.gov.ar\/cultura\/wp-json\/wp\/v2\/posts\/11909\/revisions"}],"predecessor-version":[{"id":11911,"href":"https:\/\/www.entrerios.gov.ar\/cultura\/wp-json\/wp\/v2\/posts\/11909\/revisions\/11911"}],"wp:featuredmedia":[{"embeddable":true,"href":"https:\/\/www.entrerios.gov.ar\/cultura\/wp-json\/wp\/v2\/media\/11910"}],"wp:attachment":[{"href":"https:\/\/www.entrerios.gov.ar\/cultura\/wp-json\/wp\/v2\/media?parent=11909"}],"wp:term":[{"taxonomy":"category","embeddable":true,"href":"https:\/\/www.entrerios.gov.ar\/cultura\/wp-json\/wp\/v2\/categories?post=11909"},{"taxonomy":"post_tag","embeddable":true,"href":"https:\/\/www.entrerios.gov.ar\/cultura\/wp-json\/wp\/v2\/tags?post=11909"}],"curies":[{"name":"wp","href":"https:\/\/api.w.org\/{rel}","templated":true}]}}