{"id":11912,"date":"2024-10-23T18:02:17","date_gmt":"2024-10-23T18:02:17","guid":{"rendered":"https:\/\/www.entrerios.gov.ar\/cultura\/?p=11912"},"modified":"2024-10-23T18:02:19","modified_gmt":"2024-10-23T18:02:19","slug":"se-realizara-el-39-encuentro-entrerriano-de-teatro-2024","status":"publish","type":"post","link":"https:\/\/www.entrerios.gov.ar\/cultura\/se-realizara-el-39-encuentro-entrerriano-de-teatro-2024\/","title":{"rendered":"Se realizar\u00e1 el 39\u00b0 Encuentro Entrerriano de Teatro 2024"},"content":{"rendered":"\n<p>La Secretar\u00eda de Cultura del Ministerio del Gobierno y Trabajo de Entre R\u00edos en conjunto con la Municipalidad de Concepci\u00f3n del Uruguay realizar\u00e1n la 39\u00b0 edici\u00f3n de la fiesta del teatro independiente entrerriano.<\/p>\n\n\n\n<p>La propuesta se desarrollar\u00e1 en La Hist\u00f3rica entre el 28 de noviembre y el 1 de diciembre con la participaci\u00f3n de cinco elencos entrerrianos, representantes de cada una de las regiones establecidas por el Consejo Provincial de Teatro Independiente de Entre R\u00edos. En cada jornada, formar\u00e1 parte de la grilla una obra de car\u00e1cter nacional. Tambi\u00e9n tendr\u00e1n lugar tres elencos de la ciudad anfitriona, adem\u00e1s de intervenciones especiales y sorpresas.&nbsp;&nbsp;<\/p>\n\n\n\n<p>A trav\u00e9s de una resoluci\u00f3n, la Secretar\u00eda de Cultura de la Provincia aprob\u00f3 la <a href=\"https:\/\/drive.google.com\/file\/d\/1_CP7pQ-ujIYVBPhnZWeKs6C57_TBb48_\/view\" target=\"_blank\" rel=\"noreferrer noopener\">Reglamentaci\u00f3n General<\/a> que har\u00e1 posible concretar el esperado encuentro teatral que ya es una referencia cultural en Entre R\u00edos.<\/p>\n\n\n\n<p>\u201cEstamos felices de abrazar esta iniciativa que tiene que ver con la identidad del teatro entrerriano\u201d, dijo el secretario de Cultura de Entre R\u00edos, Juli\u00e1n Stoppello y se\u00f1al\u00f3 que \u201cpara sostener esta fiesta, en contextos de cambios y atendiendo procesos administrativos insoslayables, en esta oportunidad realizaremos el proceso de selecci\u00f3n a trav\u00e9s de un equipo de curadur\u00eda tomando en cuenta las obras inscriptas en el Selectivo Provincial de Teatro\u201d.&nbsp;<\/p>\n\n\n\n<p>El equipo de curadur\u00eda estar\u00e1 integrado por tres personalidades destacadas de la actividad teatral de la Provincia, designadas de la siguiente manera: una ser\u00e1 elegida por la ciudad anfitriona del Encuentro (Concepci\u00f3n del Uruguay); una por la Secretar\u00eda de Cultura de Entre R\u00edos; y una por el Instituto Nacional de Teatro.<\/p>\n\n\n\n<p>La resoluci\u00f3n especifica que los\/as artistas de las obras que sean seleccionados deben ser entrerrianos\/as o residentes en la provincia o representar un 70% de la composici\u00f3n del elenco. Cada obra seleccionada percibir\u00e1 un cachet de $500.000 por la actuaci\u00f3n que realice.<\/p>\n\n\n\n<p>La selecci\u00f3n se realizar\u00e1 entre el 23 y el 27 de octubre del corriente; y ser\u00e1 comunicada por los canales habituales de la Secretar\u00eda de Cultura.&nbsp;<\/p>\n\n\n\n<p>Foto de portada: Archivo EET 2023.-<\/p>\n","protected":false},"excerpt":{"rendered":"<p>La Secretar\u00eda de Cultura del Ministerio del Gobierno y Trabajo de Entre R\u00edos en conjunto con la Municipalidad de Concepci\u00f3n del Uruguay realizar\u00e1n la 39\u00b0 edici\u00f3n de la fiesta del teatro independiente entrerriano. La propuesta se desarrollar\u00e1 en La Hist\u00f3rica entre el 28 de noviembre y el 1 de diciembre con la participaci\u00f3n de cinco [&hellip;]<\/p>\n","protected":false},"author":5,"featured_media":11913,"comment_status":"open","ping_status":"open","sticky":false,"template":"","format":"standard","meta":{"_et_pb_use_builder":"off","_et_pb_old_content":"","_et_gb_content_width":"","footnotes":""},"categories":[1,28,132],"tags":[],"class_list":["post-11912","post","type-post","status-publish","format-standard","has-post-thumbnail","hentry","category-destacado","category-noticias","category-consejo-provincial-de-teatro"],"_links":{"self":[{"href":"https:\/\/www.entrerios.gov.ar\/cultura\/wp-json\/wp\/v2\/posts\/11912","targetHints":{"allow":["GET"]}}],"collection":[{"href":"https:\/\/www.entrerios.gov.ar\/cultura\/wp-json\/wp\/v2\/posts"}],"about":[{"href":"https:\/\/www.entrerios.gov.ar\/cultura\/wp-json\/wp\/v2\/types\/post"}],"author":[{"embeddable":true,"href":"https:\/\/www.entrerios.gov.ar\/cultura\/wp-json\/wp\/v2\/users\/5"}],"replies":[{"embeddable":true,"href":"https:\/\/www.entrerios.gov.ar\/cultura\/wp-json\/wp\/v2\/comments?post=11912"}],"version-history":[{"count":1,"href":"https:\/\/www.entrerios.gov.ar\/cultura\/wp-json\/wp\/v2\/posts\/11912\/revisions"}],"predecessor-version":[{"id":11914,"href":"https:\/\/www.entrerios.gov.ar\/cultura\/wp-json\/wp\/v2\/posts\/11912\/revisions\/11914"}],"wp:featuredmedia":[{"embeddable":true,"href":"https:\/\/www.entrerios.gov.ar\/cultura\/wp-json\/wp\/v2\/media\/11913"}],"wp:attachment":[{"href":"https:\/\/www.entrerios.gov.ar\/cultura\/wp-json\/wp\/v2\/media?parent=11912"}],"wp:term":[{"taxonomy":"category","embeddable":true,"href":"https:\/\/www.entrerios.gov.ar\/cultura\/wp-json\/wp\/v2\/categories?post=11912"},{"taxonomy":"post_tag","embeddable":true,"href":"https:\/\/www.entrerios.gov.ar\/cultura\/wp-json\/wp\/v2\/tags?post=11912"}],"curies":[{"name":"wp","href":"https:\/\/api.w.org\/{rel}","templated":true}]}}