{"id":11915,"date":"2024-10-25T06:08:00","date_gmt":"2024-10-25T06:08:00","guid":{"rendered":"https:\/\/www.entrerios.gov.ar\/cultura\/?p=11915"},"modified":"2024-10-24T09:13:24","modified_gmt":"2024-10-24T09:13:24","slug":"el-cineclub-del-iaaer-proyecto-la-pelicula-una-escuela-en-cerro-hueso","status":"publish","type":"post","link":"https:\/\/www.entrerios.gov.ar\/cultura\/el-cineclub-del-iaaer-proyecto-la-pelicula-una-escuela-en-cerro-hueso\/","title":{"rendered":"El Cineclub del IAAER proyect\u00f3 la pel\u00edcula &#8220;Una escuela en Cerro Hueso&#8221;"},"content":{"rendered":"\n<p>El Instituto Aut\u00e1rquico Audiovisual de Entre R\u00edos concret\u00f3 un nuevo encuentro quincenal del Cineclub Iaaer, esta vez con la exhibici\u00f3n de la pel\u00edcula dirigida por Betania Cappato, dentro del ciclo Di\u00e1logos.<\/p>\n\n\n\n<p>La proyecci\u00f3n se realiz\u00f3 el martes 22 en la Sala Rub\u00e9n Noble, con un muy buen marco de p\u00fablico. La velada cont\u00f3 con la presencia de su directora, la cineasta santafesina Betania Cappato, junto a Iv\u00e1n Fund, director de fotograf\u00eda, camar\u00f3grafo y montajista. Acompa\u00f1ados por Maximiliano Schonfeld, presidente de IAAER; los protagonistas dialogaron con el p\u00fablico acerca de las distintas alternativas y emociones que dispar\u00f3 la trama del film.<\/p>\n\n\n\n<p>La pel\u00edcula cuenta la vida de Julia y Antonio, que cambiar\u00e1 completamente cuando su peque\u00f1a hija Ema, diagnosticada dentro del espectro autista, llega a la edad escolar y deban mudarse a una humilde localidad costera a orillas del r\u00edo Paran\u00e1 donde est\u00e1 ubicada la \u00fanica escuela que acept\u00f3 su solicitud de ingreso.<\/p>\n\n\n\n<figure class=\"wp-block-image\"><img loading=\"lazy\" decoding=\"async\" width=\"1600\" height=\"1067\" src=\"https:\/\/www.entrerios.gov.ar\/cultura\/wp-content\/uploads\/2024\/10\/image-6.jpeg\" alt=\"\" class=\"wp-image-11919\" srcset=\"https:\/\/www.entrerios.gov.ar\/cultura\/wp-content\/uploads\/2024\/10\/image-6.jpeg 1600w, https:\/\/www.entrerios.gov.ar\/cultura\/wp-content\/uploads\/2024\/10\/image-6-1280x854.jpeg 1280w, https:\/\/www.entrerios.gov.ar\/cultura\/wp-content\/uploads\/2024\/10\/image-6-980x654.jpeg 980w, https:\/\/www.entrerios.gov.ar\/cultura\/wp-content\/uploads\/2024\/10\/image-6-480x320.jpeg 480w\" sizes=\"auto, (min-width: 0px) and (max-width: 480px) 480px, (min-width: 481px) and (max-width: 980px) 980px, (min-width: 981px) and (max-width: 1280px) 1280px, (min-width: 1281px) 1600px, 100vw\" \/><\/figure>\n\n\n\n<p>Luego de ver la obra, la primera pregunta que surgi\u00f3 para Cappato fue cu\u00e1nto de ficci\u00f3n y cu\u00e1nto de autobiogr\u00e1fico hab\u00eda en la historia narrada. La directora explic\u00f3 que se bas\u00f3 en la historia de su peque\u00f1o hermano que tiene s\u00edndrome de espectro autista, y el acompa\u00f1amiento de sus padres para transitar esta situaci\u00f3n. Pero aclar\u00f3 que el resto del relato ya forma parte de una historia puntualmente escrita, con di\u00e1logos propios y llevada a un gui\u00f3n.<\/p>\n\n\n\n<p>Cerro Hueso es un lugar inventado, la locaci\u00f3n real se llama V\u00eda Muerta, y est\u00e1 ubicada en el litoral santafesino. La trama rescata ese contexto sin realizar una romantizaci\u00f3n de la pobreza y s\u00ed destaca el papel fundamental que tiene la escuela en esa comunidad, como un espacio donde la educaci\u00f3n, la solidaridad entre los vecinos, son lazos de contenci\u00f3n, para superar las adversidades individuales y tambi\u00e9n las colectivas.<\/p>\n\n\n\n<figure class=\"wp-block-gallery has-nested-images columns-default is-cropped wp-block-gallery-1 is-layout-flex wp-block-gallery-is-layout-flex\">\n<figure class=\"wp-block-image size-large\"><img loading=\"lazy\" decoding=\"async\" width=\"1024\" height=\"683\" data-id=\"11916\" src=\"https:\/\/www.entrerios.gov.ar\/cultura\/wp-content\/uploads\/2024\/10\/Foto-4_Cineclub4-1024x683.jpg\" alt=\"\" class=\"wp-image-11916\" srcset=\"https:\/\/www.entrerios.gov.ar\/cultura\/wp-content\/uploads\/2024\/10\/Foto-4_Cineclub4-980x653.jpg 980w, https:\/\/www.entrerios.gov.ar\/cultura\/wp-content\/uploads\/2024\/10\/Foto-4_Cineclub4-480x320.jpg 480w\" sizes=\"auto, (min-width: 0px) and (max-width: 480px) 480px, (min-width: 481px) and (max-width: 980px) 980px, (min-width: 981px) 1024px, 100vw\" \/><\/figure>\n\n\n\n<figure class=\"wp-block-image size-large\"><img loading=\"lazy\" decoding=\"async\" width=\"1024\" height=\"683\" data-id=\"11917\" src=\"https:\/\/www.entrerios.gov.ar\/cultura\/wp-content\/uploads\/2024\/10\/Foto-3_Cineclub3-1024x683.jpg\" alt=\"\" class=\"wp-image-11917\" srcset=\"https:\/\/www.entrerios.gov.ar\/cultura\/wp-content\/uploads\/2024\/10\/Foto-3_Cineclub3-980x653.jpg 980w, https:\/\/www.entrerios.gov.ar\/cultura\/wp-content\/uploads\/2024\/10\/Foto-3_Cineclub3-480x320.jpg 480w\" sizes=\"auto, (min-width: 0px) and (max-width: 480px) 480px, (min-width: 481px) and (max-width: 980px) 980px, (min-width: 981px) 1024px, 100vw\" \/><\/figure>\n<\/figure>\n\n\n\n<p><em>Una escuela en Cerro Hueso<\/em>, es emotiva, sin golpes bajos, interpela con su mirada y propone hablar sobre el espectro autista, mostrando toda su complejidad. Lo hace sin tecnicismos, y con belleza po\u00e9tica.<\/p>\n\n\n\n<p><strong><em>(Prensa IAAER)<\/em><\/strong><\/p>\n","protected":false},"excerpt":{"rendered":"<p>El Instituto Aut\u00e1rquico Audiovisual de Entre R\u00edos concret\u00f3 un nuevo encuentro quincenal del Cineclub Iaaer, esta vez con la exhibici\u00f3n de la pel\u00edcula dirigida por Betania Cappato, dentro del ciclo Di\u00e1logos. La proyecci\u00f3n se realiz\u00f3 el martes 22 en la Sala Rub\u00e9n Noble, con un muy buen marco de p\u00fablico. La velada cont\u00f3 con la [&hellip;]<\/p>\n","protected":false},"author":5,"featured_media":11918,"comment_status":"open","ping_status":"open","sticky":false,"template":"","format":"standard","meta":{"_et_pb_use_builder":"off","_et_pb_old_content":"","_et_gb_content_width":"","footnotes":""},"categories":[1,28,4],"tags":[],"class_list":["post-11915","post","type-post","status-publish","format-standard","has-post-thumbnail","hentry","category-destacado","category-noticias","category-iaaer"],"_links":{"self":[{"href":"https:\/\/www.entrerios.gov.ar\/cultura\/wp-json\/wp\/v2\/posts\/11915","targetHints":{"allow":["GET"]}}],"collection":[{"href":"https:\/\/www.entrerios.gov.ar\/cultura\/wp-json\/wp\/v2\/posts"}],"about":[{"href":"https:\/\/www.entrerios.gov.ar\/cultura\/wp-json\/wp\/v2\/types\/post"}],"author":[{"embeddable":true,"href":"https:\/\/www.entrerios.gov.ar\/cultura\/wp-json\/wp\/v2\/users\/5"}],"replies":[{"embeddable":true,"href":"https:\/\/www.entrerios.gov.ar\/cultura\/wp-json\/wp\/v2\/comments?post=11915"}],"version-history":[{"count":2,"href":"https:\/\/www.entrerios.gov.ar\/cultura\/wp-json\/wp\/v2\/posts\/11915\/revisions"}],"predecessor-version":[{"id":11921,"href":"https:\/\/www.entrerios.gov.ar\/cultura\/wp-json\/wp\/v2\/posts\/11915\/revisions\/11921"}],"wp:featuredmedia":[{"embeddable":true,"href":"https:\/\/www.entrerios.gov.ar\/cultura\/wp-json\/wp\/v2\/media\/11918"}],"wp:attachment":[{"href":"https:\/\/www.entrerios.gov.ar\/cultura\/wp-json\/wp\/v2\/media?parent=11915"}],"wp:term":[{"taxonomy":"category","embeddable":true,"href":"https:\/\/www.entrerios.gov.ar\/cultura\/wp-json\/wp\/v2\/categories?post=11915"},{"taxonomy":"post_tag","embeddable":true,"href":"https:\/\/www.entrerios.gov.ar\/cultura\/wp-json\/wp\/v2\/tags?post=11915"}],"curies":[{"name":"wp","href":"https:\/\/api.w.org\/{rel}","templated":true}]}}