{"id":11923,"date":"2024-10-25T19:57:34","date_gmt":"2024-10-25T19:57:34","guid":{"rendered":"https:\/\/www.entrerios.gov.ar\/cultura\/?p=11923"},"modified":"2024-10-25T23:17:42","modified_gmt":"2024-10-25T23:17:42","slug":"se-conocio-el-ganador-del-premio-fray-mocho-cuento-inedito-2023","status":"publish","type":"post","link":"https:\/\/www.entrerios.gov.ar\/cultura\/se-conocio-el-ganador-del-premio-fray-mocho-cuento-inedito-2023\/","title":{"rendered":"Se conoci\u00f3 el ganador del Premio Fray Mocho Cuento In\u00e9dito 2023"},"content":{"rendered":"\n<p>Claudio Guido Puntel de Paran\u00e1, autor de la obra <em>Yuch\u00e1n florecido<\/em> presentada bajo el seud\u00f3nimo <em>Juan Salvo<\/em>, result\u00f3 ganador del Fray Mocho. La identidad del autor se conoci\u00f3 esta ma\u00f1ana. Las autoridades m\u00e1ximas del Ministerio de Gobierno y Trabajo de Entre R\u00edos y la Secretar\u00eda de Cultura celebraron la noticia.<\/p>\n\n\n\n<p>La \u00faltima edici\u00f3n del Premio Fray Mocho, corresponde al g\u00e9nero cuento in\u00e9dito. El jurado integrado por Leonardo Avalos Blacha, Alejandra Zina (Alejandra Jessica Prilutzky) y L\u00e9once Lupette, decidi\u00f3 premiar en forma un\u00e1nime la obra <em>Yuch\u00e1n florecido<\/em> de <em>Juan Salvo<\/em> (Sobre 24) como ganadora.&nbsp;<\/p>\n\n\n\n<p>\u201c<em>Yuch\u00e1n florecido<\/em> se destac\u00f3 notoriamente del resto del material en muchos aspectos. Por un lado: su lenguaje elaborado, po\u00e9tico, crudo. Un lenguaje que al igual que el de obras como Zama, de Antonio di Benedetto, inventa un registro que nos conduce a otro tiempo, en este caso al de nuestras guerras de la independencia, donde los Pumas infernales se oponen al centralismo del gobierno del Directorio\u201d enunciaron los jurados en su veredicto. Y agregaron: \u201cTambi\u00e9n resulta original su tratamiento de los g\u00e9neros literarios, por su modo de reelaborar lo hist\u00f3rico con procedimientos propios del follet\u00edn y la novela de aventuras\u201d.<\/p>\n\n\n\n<p>En el d\u00eda de hoy, en el Despacho de la Secretar\u00eda de Cultura se celebr\u00f3 la \u00faltima instancia del certamen, y se conoci\u00f3 el veredicto del jurado conforme lo establece el Reglamento para la Convocatoria que fuera aprobado por Resoluci\u00f3n N\u00ba 04\/24 S.C., de febrero del 2024.<\/p>\n\n\n\n<p>En el encuentro se encontraban presentes Manuel Troncoso, Ministro de Gobierno y Trabajo de Entre R\u00edos; Juli\u00e1n Stoppello, Secretario de Cultura; Manuel Arlettaz Derudder, Coordinador de Gesti\u00f3n; Fabi\u00e1n Reato, Director de la Biblioteca de Entre R\u00edos y de Editorial de Entre R\u00edos; y Carolina Schaab delegada de la Escriban\u00eda Mayor de Gobierno.<\/p>\n\n\n\n<p>El n\u00famero total de obras -que fue 88, de las que cuatro quedaron desestimadas por falencias en los requisitos- refleja un alto nivel de participaci\u00f3n en esta edici\u00f3n del premio que corresponde al a\u00f1o 2023. La Secretar\u00eda de Cultura felicita a todos los escritores participantes del concurso, e invita a seguir compartiendo las letras entrerrianas.&nbsp;<\/p>\n\n\n\n<figure class=\"wp-block-image\"><img loading=\"lazy\" decoding=\"async\" width=\"1600\" height=\"1067\" src=\"https:\/\/www.entrerios.gov.ar\/cultura\/wp-content\/uploads\/2024\/10\/image-7.jpeg\" alt=\"\" class=\"wp-image-11925\" srcset=\"https:\/\/www.entrerios.gov.ar\/cultura\/wp-content\/uploads\/2024\/10\/image-7.jpeg 1600w, https:\/\/www.entrerios.gov.ar\/cultura\/wp-content\/uploads\/2024\/10\/image-7-1280x854.jpeg 1280w, https:\/\/www.entrerios.gov.ar\/cultura\/wp-content\/uploads\/2024\/10\/image-7-980x654.jpeg 980w, https:\/\/www.entrerios.gov.ar\/cultura\/wp-content\/uploads\/2024\/10\/image-7-480x320.jpeg 480w\" sizes=\"auto, (min-width: 0px) and (max-width: 480px) 480px, (min-width: 481px) and (max-width: 980px) 980px, (min-width: 981px) and (max-width: 1280px) 1280px, (min-width: 1281px) 1600px, 100vw\" \/><\/figure>\n\n\n\n<p><strong>M\u00e1ximo premio provincial<\/strong><\/p>\n\n\n\n<p>El Fray Mocho es un premio anual, con rotaci\u00f3n de distintos g\u00e9neros literarios, de acuerdo con el siguiente ordenamiento: teatro, poes\u00eda, cuento, novela y ensayo. Este criterio fue establecido, seg\u00fan Ley N\u00ba 7.823\/87 y su Decreto Reglamentario N\u00ba 2.967\/87 GOB. La Secretar\u00eda de Cultura, a trav\u00e9s de la Editorial de Entre R\u00edos (EDER), realizar\u00e1 una edici\u00f3n de 1000 ejemplares de la obra ganadora, de los cuales 200 se entregan al autor. El resto de los libros se distribuyen en escuelas, bibliotecas populares y en diferentes eventos culturales y ferias tanto en la provincia como a nivel nacional.<\/p>\n","protected":false},"excerpt":{"rendered":"<p>Claudio Guido Puntel de Paran\u00e1, autor de la obra Yuch\u00e1n florecido presentada bajo el seud\u00f3nimo Juan Salvo, result\u00f3 ganador del Fray Mocho. La identidad del autor se conoci\u00f3 esta ma\u00f1ana. Las autoridades m\u00e1ximas del Ministerio de Gobierno y Trabajo de Entre R\u00edos y la Secretar\u00eda de Cultura celebraron la noticia. La \u00faltima edici\u00f3n del Premio [&hellip;]<\/p>\n","protected":false},"author":5,"featured_media":11924,"comment_status":"open","ping_status":"open","sticky":false,"template":"","format":"standard","meta":{"_et_pb_use_builder":"off","_et_pb_old_content":"","_et_gb_content_width":"","footnotes":""},"categories":[1,28,6],"tags":[],"class_list":["post-11923","post","type-post","status-publish","format-standard","has-post-thumbnail","hentry","category-destacado","category-noticias","category-editorial-de-entre-rios"],"_links":{"self":[{"href":"https:\/\/www.entrerios.gov.ar\/cultura\/wp-json\/wp\/v2\/posts\/11923","targetHints":{"allow":["GET"]}}],"collection":[{"href":"https:\/\/www.entrerios.gov.ar\/cultura\/wp-json\/wp\/v2\/posts"}],"about":[{"href":"https:\/\/www.entrerios.gov.ar\/cultura\/wp-json\/wp\/v2\/types\/post"}],"author":[{"embeddable":true,"href":"https:\/\/www.entrerios.gov.ar\/cultura\/wp-json\/wp\/v2\/users\/5"}],"replies":[{"embeddable":true,"href":"https:\/\/www.entrerios.gov.ar\/cultura\/wp-json\/wp\/v2\/comments?post=11923"}],"version-history":[{"count":2,"href":"https:\/\/www.entrerios.gov.ar\/cultura\/wp-json\/wp\/v2\/posts\/11923\/revisions"}],"predecessor-version":[{"id":11927,"href":"https:\/\/www.entrerios.gov.ar\/cultura\/wp-json\/wp\/v2\/posts\/11923\/revisions\/11927"}],"wp:featuredmedia":[{"embeddable":true,"href":"https:\/\/www.entrerios.gov.ar\/cultura\/wp-json\/wp\/v2\/media\/11924"}],"wp:attachment":[{"href":"https:\/\/www.entrerios.gov.ar\/cultura\/wp-json\/wp\/v2\/media?parent=11923"}],"wp:term":[{"taxonomy":"category","embeddable":true,"href":"https:\/\/www.entrerios.gov.ar\/cultura\/wp-json\/wp\/v2\/categories?post=11923"},{"taxonomy":"post_tag","embeddable":true,"href":"https:\/\/www.entrerios.gov.ar\/cultura\/wp-json\/wp\/v2\/tags?post=11923"}],"curies":[{"name":"wp","href":"https:\/\/api.w.org\/{rel}","templated":true}]}}