{"id":11928,"date":"2024-10-28T11:09:55","date_gmt":"2024-10-28T11:09:55","guid":{"rendered":"https:\/\/www.entrerios.gov.ar\/cultura\/?p=11928"},"modified":"2024-10-28T11:10:43","modified_gmt":"2024-10-28T11:10:43","slug":"la-biblioteca-provincial-celebrara-50-anos-de-historia","status":"publish","type":"post","link":"https:\/\/www.entrerios.gov.ar\/cultura\/la-biblioteca-provincial-celebrara-50-anos-de-historia\/","title":{"rendered":"La Biblioteca Provincial celebrar\u00e1 50 a\u00f1os de historia"},"content":{"rendered":"\n<p>La Secretar\u00eda de Cultura del Ministerio de Gobierno y Trabajo de Entre R\u00edos invita a toda la comunidad a celebrar un nuevo aniversario de la instituci\u00f3n. Ser\u00e1 este jueves 31 de octubre con entrada libre y gratuita.&nbsp;<\/p>\n\n\n\n<p>En este encuentro se celebrar\u00e1 el 50\u00ba aniversario de la Biblioteca Provincial, un espacio que ha sido testigo y promotor del crecimiento cultural de la comunidad entrerriana.&nbsp;<\/p>\n\n\n\n<p>El evento tendr\u00e1 lugar el pr\u00f3ximo 31 de octubre a las 19 en la sede, ubicada en Alameda de la Federaci\u00f3n 278 de Paran\u00e1. Autoridades y trabajadores recordar\u00e1n la historia de la Biblioteca, sus aportes a la sociedad y, tambi\u00e9n, su proyecci\u00f3n hacia el futuro. El encuentro se celebrar\u00e1 con la participaci\u00f3n de antiguos directores, trabajadores, autoridades; y la actuaci\u00f3n de la Orquesta Romina Iturain. Tambi\u00e9n se descubrir\u00e1 una placa conmemorativa.<\/p>\n\n\n\n<p>La Biblioteca Provincial, est\u00e1 especializada en Literatura, Sociolog\u00eda y Ling\u00fc\u00edstica, entre otras disciplinas. Su importante patrimonio bibliogr\u00e1fico y documental es producto de significativas donaciones de grandes figuras entrerrianas como Marcelino Rom\u00e1n, Elio C. Leyes, Beatriz Bosch y Antonio R. Turi, entre otros, que conforman los fondos m\u00e1s importantes.<\/p>\n\n\n\n<p>Con los a\u00f1os, se ha ido nutriendo de sucesivas y diversas donaciones y en la actualidad dispone de un Fondo General y un Fondo de Autores Entrerrianos. Sus estantes, en apariencia interminables, resguardan las bibliotecas personales de figuras destacadas de la cultura. En la actualidad el organismo resguarda unos 200.000 libros que constituyen el patrimonio aproximado.<\/p>\n\n\n\n<p>El origen de la instituci\u00f3n est\u00e1 unido a la colecci\u00f3n de libros reunida por el Profesor Antonio Serrano, quien entre 1973 y 1974 don\u00f3 su biblioteca particular bajo los principios de conservaci\u00f3n y registro de la Provincia.&nbsp;<\/p>\n\n\n\n<figure class=\"wp-block-image\"><img loading=\"lazy\" decoding=\"async\" width=\"1600\" height=\"1067\" src=\"https:\/\/www.entrerios.gov.ar\/cultura\/wp-content\/uploads\/2024\/10\/image-8.jpeg\" alt=\"\" class=\"wp-image-11930\" srcset=\"https:\/\/www.entrerios.gov.ar\/cultura\/wp-content\/uploads\/2024\/10\/image-8.jpeg 1600w, https:\/\/www.entrerios.gov.ar\/cultura\/wp-content\/uploads\/2024\/10\/image-8-1280x854.jpeg 1280w, https:\/\/www.entrerios.gov.ar\/cultura\/wp-content\/uploads\/2024\/10\/image-8-980x654.jpeg 980w, https:\/\/www.entrerios.gov.ar\/cultura\/wp-content\/uploads\/2024\/10\/image-8-480x320.jpeg 480w\" sizes=\"auto, (min-width: 0px) and (max-width: 480px) 480px, (min-width: 481px) and (max-width: 980px) 980px, (min-width: 981px) and (max-width: 1280px) 1280px, (min-width: 1281px) 1600px, 100vw\" \/><\/figure>\n\n\n\n<p><strong>Informes<\/strong><\/p>\n\n\n\n<p>Biblioteca Provincial<\/p>\n\n\n\n<p>Direcci\u00f3n: Av. Alameda de la Federaci\u00f3n 278 \u2013 Paran\u00e1<\/p>\n\n\n\n<p>Tel\u00e9fono: 0343-4224308<\/p>\n\n\n\n<p>Correo electr\u00f3nico:&nbsp;<a href=\"mailto:bibliotecadelaprovincia@gmail.com\" target=\"_blank\" rel=\"noreferrer noopener\">bibliotecadelaprovincia@gmail.com<\/a><\/p>\n\n\n\n<p>Facebook: Biblioteca Provincial de Entre R\u00edos<\/p>\n\n\n\n<p>IG:\u00a0bibliotecaprovincial.er<\/p>\n","protected":false},"excerpt":{"rendered":"<p>La Secretar\u00eda de Cultura del Ministerio de Gobierno y Trabajo de Entre R\u00edos invita a toda la comunidad a celebrar un nuevo aniversario de la instituci\u00f3n. Ser\u00e1 este jueves 31 de octubre con entrada libre y gratuita.&nbsp; En este encuentro se celebrar\u00e1 el 50\u00ba aniversario de la Biblioteca Provincial, un espacio que ha sido testigo [&hellip;]<\/p>\n","protected":false},"author":5,"featured_media":11929,"comment_status":"open","ping_status":"open","sticky":false,"template":"","format":"standard","meta":{"_et_pb_use_builder":"off","_et_pb_old_content":"","_et_gb_content_width":"","footnotes":""},"categories":[1,28,5],"tags":[],"class_list":["post-11928","post","type-post","status-publish","format-standard","has-post-thumbnail","hentry","category-destacado","category-noticias","category-biblioteca-provincial"],"_links":{"self":[{"href":"https:\/\/www.entrerios.gov.ar\/cultura\/wp-json\/wp\/v2\/posts\/11928","targetHints":{"allow":["GET"]}}],"collection":[{"href":"https:\/\/www.entrerios.gov.ar\/cultura\/wp-json\/wp\/v2\/posts"}],"about":[{"href":"https:\/\/www.entrerios.gov.ar\/cultura\/wp-json\/wp\/v2\/types\/post"}],"author":[{"embeddable":true,"href":"https:\/\/www.entrerios.gov.ar\/cultura\/wp-json\/wp\/v2\/users\/5"}],"replies":[{"embeddable":true,"href":"https:\/\/www.entrerios.gov.ar\/cultura\/wp-json\/wp\/v2\/comments?post=11928"}],"version-history":[{"count":2,"href":"https:\/\/www.entrerios.gov.ar\/cultura\/wp-json\/wp\/v2\/posts\/11928\/revisions"}],"predecessor-version":[{"id":11932,"href":"https:\/\/www.entrerios.gov.ar\/cultura\/wp-json\/wp\/v2\/posts\/11928\/revisions\/11932"}],"wp:featuredmedia":[{"embeddable":true,"href":"https:\/\/www.entrerios.gov.ar\/cultura\/wp-json\/wp\/v2\/media\/11929"}],"wp:attachment":[{"href":"https:\/\/www.entrerios.gov.ar\/cultura\/wp-json\/wp\/v2\/media?parent=11928"}],"wp:term":[{"taxonomy":"category","embeddable":true,"href":"https:\/\/www.entrerios.gov.ar\/cultura\/wp-json\/wp\/v2\/categories?post=11928"},{"taxonomy":"post_tag","embeddable":true,"href":"https:\/\/www.entrerios.gov.ar\/cultura\/wp-json\/wp\/v2\/tags?post=11928"}],"curies":[{"name":"wp","href":"https:\/\/api.w.org\/{rel}","templated":true}]}}