{"id":11945,"date":"2024-10-31T10:20:41","date_gmt":"2024-10-31T10:20:41","guid":{"rendered":"https:\/\/www.entrerios.gov.ar\/cultura\/?p=11945"},"modified":"2024-10-31T10:20:43","modified_gmt":"2024-10-31T10:20:43","slug":"el-gobierno-de-entre-rios-profundiza-la-implementacion-de-la-ley-de-fomento-a-la-produccion-audiovisual","status":"publish","type":"post","link":"https:\/\/www.entrerios.gov.ar\/cultura\/el-gobierno-de-entre-rios-profundiza-la-implementacion-de-la-ley-de-fomento-a-la-produccion-audiovisual\/","title":{"rendered":"El Gobierno de Entre R\u00edos profundiza la implementaci\u00f3n de la Ley de Fomento a la Producci\u00f3n Audiovisual"},"content":{"rendered":"\n<p>El Consejo Asesor del Instituto Aut\u00e1rquico Audiovisual de Entre R\u00edos (IAAER) realiz\u00f3 su primera reuni\u00f3n virtual, encabezada por su presidente, Maximiliano Schonfeld, y los representantes de las cinco regiones. Se aprob\u00f3 el reglamento interno y se present\u00f3 el plan de fomento a la industria.<\/p>\n\n\n\n<p>El Gobierno de Entre R\u00edos, a trav\u00e9s del IAAER, avanza en la implementaci\u00f3n de la Ley 10.937, que apunta al fomento federal de la producci\u00f3n audiovisual en el territorio provincial y la difusi\u00f3n de distintas obras del patrimonio cultural e identitario de la regi\u00f3n. El lunes 28 de octubre, mediante la modalidad virtual, se efectu\u00f3 la primera instancia del Consejo Asesor, constituido por Gast\u00f3n Calivari, Guillermo Berger, Heber Schaff, Florencia Curi y Agust\u00edn de Torres, elegidos por la comunidad realizadora de Entre R\u00edos. La instancia consultiva, encabezada por el presidente del Instituto, Maximiliano Schonfeld, posee como prop\u00f3sito la formulaci\u00f3n y aprobaci\u00f3n de planes anuales de fomento, el asesoramiento sobre la implementaci\u00f3n de la Ley, la participaci\u00f3n en el control de los beneficios otorgados por la misma, y la selecci\u00f3n de jurados para las convocatorias de proyectos audiovisuales de la provincia.<\/p>\n\n\n\n<p>El encuentro estuvo caracterizado por un temario que abarc\u00f3 el dise\u00f1o y la aprobaci\u00f3n del reglamento interno para el funcionamiento del IAAER, como tambi\u00e9n la presentaci\u00f3n del primer borrador de un plan de fomento a la producci\u00f3n y la industria audiovisual, contemplado en la normativa vigente. Son pasos sustantivos para la institucionalizaci\u00f3n de una pol\u00edtica p\u00fablica vinculada al desarrollo pleno e integral de la comunidad audiovisual de la provincia.<\/p>\n\n\n\n<p><strong>Una pol\u00edtica de Estado<\/strong><\/p>\n\n\n\n<p>Distintas acciones exhiben una hoja de ruta respecto a la inversi\u00f3n del Estado provincial. En este sentido cabe mencionar la reapertura del Registro P\u00fablico de la Industria Audiovisual (Repia) durante agosto, para la sistematizaci\u00f3n de la informaci\u00f3n de las personas f\u00edsicas y\/o jur\u00eddicas vinculadas a la producci\u00f3n, los servicios, la distribuci\u00f3n y la exhibici\u00f3n, como tambi\u00e9n a realizadores\/as y t\u00e9cnicos\/as del sector, que residan y trabajen en la provincia de Entre R\u00edos; los comicios para la elecci\u00f3n de los integrantes del Consejo Asesor; y la decisi\u00f3n pol\u00edtica de realizaci\u00f3n de la sexta edici\u00f3n del Festival Internacional de Cine de Entre R\u00edos (FICER), que se efectuar\u00e1 entre el 11 y el 15 de diciembre de este a\u00f1o.<\/p>\n\n\n\n<p>La presentaci\u00f3n del primer borrador de una l\u00ednea p\u00fablica de fomento en el Consejo Asesor es otro paso significativo en la implementaci\u00f3n de la Ley hacia el sector y en las prioridades del Ejecutivo respecto al cine entrerriano y la cultura de la regi\u00f3n.<\/p>\n\n\n\n<p>(Prensa IAAER)&nbsp;&nbsp;&nbsp;&nbsp;&nbsp;&nbsp;&nbsp;&nbsp;<\/p>\n","protected":false},"excerpt":{"rendered":"<p>El Consejo Asesor del Instituto Aut\u00e1rquico Audiovisual de Entre R\u00edos (IAAER) realiz\u00f3 su primera reuni\u00f3n virtual, encabezada por su presidente, Maximiliano Schonfeld, y los representantes de las cinco regiones. Se aprob\u00f3 el reglamento interno y se present\u00f3 el plan de fomento a la industria. El Gobierno de Entre R\u00edos, a trav\u00e9s del IAAER, avanza en [&hellip;]<\/p>\n","protected":false},"author":5,"featured_media":11946,"comment_status":"open","ping_status":"open","sticky":false,"template":"","format":"standard","meta":{"_et_pb_use_builder":"off","_et_pb_old_content":"","_et_gb_content_width":"","footnotes":""},"categories":[1,28,4],"tags":[],"class_list":["post-11945","post","type-post","status-publish","format-standard","has-post-thumbnail","hentry","category-destacado","category-noticias","category-iaaer"],"_links":{"self":[{"href":"https:\/\/www.entrerios.gov.ar\/cultura\/wp-json\/wp\/v2\/posts\/11945","targetHints":{"allow":["GET"]}}],"collection":[{"href":"https:\/\/www.entrerios.gov.ar\/cultura\/wp-json\/wp\/v2\/posts"}],"about":[{"href":"https:\/\/www.entrerios.gov.ar\/cultura\/wp-json\/wp\/v2\/types\/post"}],"author":[{"embeddable":true,"href":"https:\/\/www.entrerios.gov.ar\/cultura\/wp-json\/wp\/v2\/users\/5"}],"replies":[{"embeddable":true,"href":"https:\/\/www.entrerios.gov.ar\/cultura\/wp-json\/wp\/v2\/comments?post=11945"}],"version-history":[{"count":1,"href":"https:\/\/www.entrerios.gov.ar\/cultura\/wp-json\/wp\/v2\/posts\/11945\/revisions"}],"predecessor-version":[{"id":11947,"href":"https:\/\/www.entrerios.gov.ar\/cultura\/wp-json\/wp\/v2\/posts\/11945\/revisions\/11947"}],"wp:featuredmedia":[{"embeddable":true,"href":"https:\/\/www.entrerios.gov.ar\/cultura\/wp-json\/wp\/v2\/media\/11946"}],"wp:attachment":[{"href":"https:\/\/www.entrerios.gov.ar\/cultura\/wp-json\/wp\/v2\/media?parent=11945"}],"wp:term":[{"taxonomy":"category","embeddable":true,"href":"https:\/\/www.entrerios.gov.ar\/cultura\/wp-json\/wp\/v2\/categories?post=11945"},{"taxonomy":"post_tag","embeddable":true,"href":"https:\/\/www.entrerios.gov.ar\/cultura\/wp-json\/wp\/v2\/tags?post=11945"}],"curies":[{"name":"wp","href":"https:\/\/api.w.org\/{rel}","templated":true}]}}