{"id":11948,"date":"2024-11-01T07:29:00","date_gmt":"2024-11-01T07:29:00","guid":{"rendered":"https:\/\/www.entrerios.gov.ar\/cultura\/?p=11948"},"modified":"2024-10-31T10:31:06","modified_gmt":"2024-10-31T10:31:06","slug":"ficer-se-recibieron-cerca-de-200-peliculas-y-hay-prorroga-para-mercado","status":"publish","type":"post","link":"https:\/\/www.entrerios.gov.ar\/cultura\/ficer-se-recibieron-cerca-de-200-peliculas-y-hay-prorroga-para-mercado\/","title":{"rendered":"FICER: Se recibieron cerca de 200 pel\u00edculas y hay pr\u00f3rroga para Mercado"},"content":{"rendered":"\n<p>Hasta el 8 de noviembre se extiende el plazo de las convocatorias para las secciones del<\/p>\n\n\n\n<p>Mercado Audiovisual Regional de la sexta edici\u00f3n del Festival Internacional de Cine de Entre R\u00edos (FICER), organizado por iniciativa del Gobierno de la Provincia, con el apoyo del Instituto Aut\u00e1rquico Audiovisual de Entre R\u00edos (IAAER).<\/p>\n\n\n\n<p>La pr\u00f3rroga es v\u00e1lida para las dos categor\u00edas vigentes: Desarrollo de Proyectos (que estipula cuatro premios de 500.000 pesos) y Work in progress (que dispone dos premios de 2.000.000 de pesos cada uno). Esta secci\u00f3n est\u00e1 destinada a realizadores y realizadoras de Entre R\u00edos, Santa Fe, Corrientes, Misiones, Chaco, Formosa y C\u00f3rdoba.<\/p>\n\n\n\n<p>Para conocer los reglamentos, acceder a los enlaces de inscripci\u00f3n o cualquier otra consulta se puede ingresar a la p\u00e1gina&nbsp;<a href=\"https:\/\/ficer.com.ar\/\" target=\"_blank\" rel=\"noreferrer noopener\">web del FICER.<\/a>&nbsp;<\/p>\n\n\n\n<p>En cuanto al material recibido para las secciones en competencia (Largometrajes Nacionales y Cortometrajes Entrerrianos), el director art\u00edstico del FICER, Eduardo Crespo, comparti\u00f3 que llegaron cerca de 200 largos argentinos y muchos cortos entrerrianos. \u201cNos pone muy contentos que tantos realizadores y realizadoras del pa\u00eds elijan al FICER para mostrar sus pel\u00edculas, para acercarse al p\u00fablico y estrenar en el festival\u201d, expres\u00f3. \u201cCreemos que este a\u00f1o ser\u00e1 bisagra, ya que esperamos que el pr\u00f3ximo haya mucho m\u00e1s cine entrerriano a partir de la nueva Ley y el fomento que est\u00e1 empezando a funcionar\u201d, agreg\u00f3.<\/p>\n\n\n\n<p><strong>El Festival<\/strong><\/p>\n\n\n\n<p>Este a\u00f1o, el FICER se realizar\u00e1 entre el 11 y el 15 de diciembre en las salas del Centro Provincial de Convenciones, del Centro Cultural La Vieja Usina, del IAAER y del complejo Las Tipas de Paran\u00e1. La propuesta se expandir\u00e1 tambi\u00e9n a nuevas subsedes en distintas localidades de la provincia con el objetivo de acercar el cine a cada rinc\u00f3n de Entre R\u00edos. La iniciativa es concebida como un modo de reafirmar la necesidad de la cultura como motor de crecimiento, de integraci\u00f3n y de intercambio de miradas a trav\u00e9s del di\u00e1logo. En este sentido, busca que realizadores y realizadoras de todo el pa\u00eds se encuentren con el p\u00fablico para dialogar, compartir experiencias y reflexionar sobre sus modos de crear y de mirar el mundo a trav\u00e9s del cine.<\/p>\n","protected":false},"excerpt":{"rendered":"<p>Hasta el 8 de noviembre se extiende el plazo de las convocatorias para las secciones del Mercado Audiovisual Regional de la sexta edici\u00f3n del Festival Internacional de Cine de Entre R\u00edos (FICER), organizado por iniciativa del Gobierno de la Provincia, con el apoyo del Instituto Aut\u00e1rquico Audiovisual de Entre R\u00edos (IAAER). La pr\u00f3rroga es v\u00e1lida [&hellip;]<\/p>\n","protected":false},"author":5,"featured_media":11949,"comment_status":"open","ping_status":"open","sticky":false,"template":"","format":"standard","meta":{"_et_pb_use_builder":"off","_et_pb_old_content":"","_et_gb_content_width":"","footnotes":""},"categories":[1,28,125],"tags":[],"class_list":["post-11948","post","type-post","status-publish","format-standard","has-post-thumbnail","hentry","category-destacado","category-noticias","category-ficer"],"_links":{"self":[{"href":"https:\/\/www.entrerios.gov.ar\/cultura\/wp-json\/wp\/v2\/posts\/11948","targetHints":{"allow":["GET"]}}],"collection":[{"href":"https:\/\/www.entrerios.gov.ar\/cultura\/wp-json\/wp\/v2\/posts"}],"about":[{"href":"https:\/\/www.entrerios.gov.ar\/cultura\/wp-json\/wp\/v2\/types\/post"}],"author":[{"embeddable":true,"href":"https:\/\/www.entrerios.gov.ar\/cultura\/wp-json\/wp\/v2\/users\/5"}],"replies":[{"embeddable":true,"href":"https:\/\/www.entrerios.gov.ar\/cultura\/wp-json\/wp\/v2\/comments?post=11948"}],"version-history":[{"count":1,"href":"https:\/\/www.entrerios.gov.ar\/cultura\/wp-json\/wp\/v2\/posts\/11948\/revisions"}],"predecessor-version":[{"id":11950,"href":"https:\/\/www.entrerios.gov.ar\/cultura\/wp-json\/wp\/v2\/posts\/11948\/revisions\/11950"}],"wp:featuredmedia":[{"embeddable":true,"href":"https:\/\/www.entrerios.gov.ar\/cultura\/wp-json\/wp\/v2\/media\/11949"}],"wp:attachment":[{"href":"https:\/\/www.entrerios.gov.ar\/cultura\/wp-json\/wp\/v2\/media?parent=11948"}],"wp:term":[{"taxonomy":"category","embeddable":true,"href":"https:\/\/www.entrerios.gov.ar\/cultura\/wp-json\/wp\/v2\/categories?post=11948"},{"taxonomy":"post_tag","embeddable":true,"href":"https:\/\/www.entrerios.gov.ar\/cultura\/wp-json\/wp\/v2\/tags?post=11948"}],"curies":[{"name":"wp","href":"https:\/\/api.w.org\/{rel}","templated":true}]}}