{"id":11952,"date":"2024-11-02T11:59:00","date_gmt":"2024-11-02T11:59:00","guid":{"rendered":"https:\/\/www.entrerios.gov.ar\/cultura\/?p=11952"},"modified":"2024-10-31T10:42:44","modified_gmt":"2024-10-31T10:42:44","slug":"culmino-en-forma-positiva-el-desarrollo-del-taller-de-lectoescritura-en-el-iaaer","status":"publish","type":"post","link":"https:\/\/www.entrerios.gov.ar\/cultura\/culmino-en-forma-positiva-el-desarrollo-del-taller-de-lectoescritura-en-el-iaaer\/","title":{"rendered":"Culmin\u00f3 en forma positiva el desarrollo del Taller de Lectoescritura en el IAAER"},"content":{"rendered":"\n<p>Comenz\u00f3 en julio con casi 30 integrantes, fue de car\u00e1cter trimestral y presencial, dictado por el realizador Guillermo Barbarov. El objetivo de la propuesta era aportar elementos para la lectura y la realizaci\u00f3n de las producciones audiovisuales.<\/p>\n\n\n\n<p>Todos los mi\u00e9rcoles por la tarde y con el cupo completo en asistentes, la capacitaci\u00f3n se desarroll\u00f3 en la Sala Rub\u00e9n Noble, del Instituto Aut\u00e1rquico Audiovisual de Entre R\u00edos (IAAER), en Paran\u00e1.<\/p>\n\n\n\n<p>\u201cLos objetivos del espacio se cumplieron, y era brindar herramientas para la producci\u00f3n de audiovisuales, en donde no solamente se hizo hincapi\u00e9 en la t\u00e9cnica del lenguaje audiovisual en cuanto a las im\u00e1genes, el sonido y el montaje, sino tambi\u00e9n hacer un recorrido por los inicios del cine y su evoluci\u00f3n, para luego aplicar esta informaci\u00f3n como una base de conocimiento en las producciones propias\u201d, explic\u00f3 Barbarov.<\/p>\n\n\n\n<p>El realizador es trabajador del IAAER, tesista de la Licenciatura en Comunicaci\u00f3n Social y ganador del Festival Internacional de Cine de Entre R\u00edos (FICER) de 2018 en la categor\u00eda de Cortometrajes Entrerrianos. \u201cLa propuesta, destinada a personas mayores de 18 a\u00f1os, gir\u00f3 en torno al ejercicio de lectura de los elementos que integran las piezas audiovisuales para la construcci\u00f3n de sus narrativas\u201d, agreg\u00f3.<\/p>\n\n\n\n<figure class=\"wp-block-image\"><img loading=\"lazy\" decoding=\"async\" width=\"1600\" height=\"1067\" src=\"https:\/\/www.entrerios.gov.ar\/cultura\/wp-content\/uploads\/2024\/10\/image-10.jpeg\" alt=\"\" class=\"wp-image-11954\" srcset=\"https:\/\/www.entrerios.gov.ar\/cultura\/wp-content\/uploads\/2024\/10\/image-10.jpeg 1600w, https:\/\/www.entrerios.gov.ar\/cultura\/wp-content\/uploads\/2024\/10\/image-10-1280x854.jpeg 1280w, https:\/\/www.entrerios.gov.ar\/cultura\/wp-content\/uploads\/2024\/10\/image-10-980x654.jpeg 980w, https:\/\/www.entrerios.gov.ar\/cultura\/wp-content\/uploads\/2024\/10\/image-10-480x320.jpeg 480w\" sizes=\"auto, (min-width: 0px) and (max-width: 480px) 480px, (min-width: 481px) and (max-width: 980px) 980px, (min-width: 981px) and (max-width: 1280px) 1280px, (min-width: 1281px) 1600px, 100vw\" \/><\/figure>\n\n\n\n<p>Puntualiz\u00f3 que si bien existe un lenguaje audiovisual que se ha establecido y depurado como hegem\u00f3nico, como todo lenguaje del campo de las artes, es flexible, y sobre esta caracter\u00edstica se trabaj\u00f3 para brindar herramientas que potencien la capacidad creativa de los inscriptos al taller y que les permita desarrollar sus propias narrativas. El resultado de estos tres meses de taller, m\u00e1s all\u00e1 de los conocimientos aprehendidos y la experiencia compartida, se har\u00e1 concreto en la producci\u00f3n de un cortometraje, que ya qued\u00f3 en fase de producci\u00f3n, y pronto ser\u00e1 grabado y editado. \u201cY si los tiempos lo permiten se lo estrenar\u00e1 en la pr\u00f3xima edici\u00f3n del Festival Internacional de Cine de Entre R\u00edos (FICER 2024), que se concretar\u00e1 en los primeros d\u00edas de diciembre en la capital entrerriana\u201d, coment\u00f3.<\/p>\n\n\n\n<p>(Prensa IAAER)<\/p>\n","protected":false},"excerpt":{"rendered":"<p>Comenz\u00f3 en julio con casi 30 integrantes, fue de car\u00e1cter trimestral y presencial, dictado por el realizador Guillermo Barbarov. El objetivo de la propuesta era aportar elementos para la lectura y la realizaci\u00f3n de las producciones audiovisuales. Todos los mi\u00e9rcoles por la tarde y con el cupo completo en asistentes, la capacitaci\u00f3n se desarroll\u00f3 en [&hellip;]<\/p>\n","protected":false},"author":5,"featured_media":11953,"comment_status":"open","ping_status":"open","sticky":false,"template":"","format":"standard","meta":{"_et_pb_use_builder":"off","_et_pb_old_content":"","_et_gb_content_width":"","footnotes":""},"categories":[1,28,4],"tags":[],"class_list":["post-11952","post","type-post","status-publish","format-standard","has-post-thumbnail","hentry","category-destacado","category-noticias","category-iaaer"],"_links":{"self":[{"href":"https:\/\/www.entrerios.gov.ar\/cultura\/wp-json\/wp\/v2\/posts\/11952","targetHints":{"allow":["GET"]}}],"collection":[{"href":"https:\/\/www.entrerios.gov.ar\/cultura\/wp-json\/wp\/v2\/posts"}],"about":[{"href":"https:\/\/www.entrerios.gov.ar\/cultura\/wp-json\/wp\/v2\/types\/post"}],"author":[{"embeddable":true,"href":"https:\/\/www.entrerios.gov.ar\/cultura\/wp-json\/wp\/v2\/users\/5"}],"replies":[{"embeddable":true,"href":"https:\/\/www.entrerios.gov.ar\/cultura\/wp-json\/wp\/v2\/comments?post=11952"}],"version-history":[{"count":1,"href":"https:\/\/www.entrerios.gov.ar\/cultura\/wp-json\/wp\/v2\/posts\/11952\/revisions"}],"predecessor-version":[{"id":11955,"href":"https:\/\/www.entrerios.gov.ar\/cultura\/wp-json\/wp\/v2\/posts\/11952\/revisions\/11955"}],"wp:featuredmedia":[{"embeddable":true,"href":"https:\/\/www.entrerios.gov.ar\/cultura\/wp-json\/wp\/v2\/media\/11953"}],"wp:attachment":[{"href":"https:\/\/www.entrerios.gov.ar\/cultura\/wp-json\/wp\/v2\/media?parent=11952"}],"wp:term":[{"taxonomy":"category","embeddable":true,"href":"https:\/\/www.entrerios.gov.ar\/cultura\/wp-json\/wp\/v2\/categories?post=11952"},{"taxonomy":"post_tag","embeddable":true,"href":"https:\/\/www.entrerios.gov.ar\/cultura\/wp-json\/wp\/v2\/tags?post=11952"}],"curies":[{"name":"wp","href":"https:\/\/api.w.org\/{rel}","templated":true}]}}