{"id":11965,"date":"2024-11-04T09:00:00","date_gmt":"2024-11-04T09:00:00","guid":{"rendered":"https:\/\/www.entrerios.gov.ar\/cultura\/?p=11965"},"modified":"2024-11-01T10:49:47","modified_gmt":"2024-11-01T10:49:47","slug":"el-iaaer-abre-convocatoria-a-jovenes-para-un-taller-audiovisual","status":"publish","type":"post","link":"https:\/\/www.entrerios.gov.ar\/cultura\/el-iaaer-abre-convocatoria-a-jovenes-para-un-taller-audiovisual\/","title":{"rendered":"El IAAER abre convocatoria a j\u00f3venes para un taller audiovisual"},"content":{"rendered":"\n<p>El Gobierno de Entre R\u00edos profundiza las instancias de formaci\u00f3n sobre los fundamentos del lenguaje audiovisual. El taller Escuela de Cine Itinerante se efectuar\u00e1 los d\u00edas 14 y 15 de noviembre en la sala Noble del Instituto Aut\u00e1rquico Audiovisual de Entre R\u00edos (IAAER), destinado a j\u00f3venes entre 14 y 21 a\u00f1os, a cargo de la cineasta Eliana Digiovani.&nbsp;<\/p>\n\n\n\n<p>El IAAER, dependiente de la Secretar\u00eda de Cultura de la provincia, realiza una nueva convocatoria de modalidad taller, destinada a la formaci\u00f3n de la mirada y al conocimiento de los aspectos de la creaci\u00f3n audiovisual. El espacio de capacitaci\u00f3n se encuentra planificado para los d\u00edas jueves 14 y viernes 15 de noviembre, de manera presencial, de 9 a 16 en la sala Noble del Instituto, ubicado en Gregoria Matorras 861 de la ciudad de Paran\u00e1.&nbsp;<\/p>\n\n\n\n<p>El desarrollo del taller se encuentra articulado con el Consejo Federal de Inversiones (CFI) y ser\u00e1 dirigido por la realizadora audiovisual Eliana Digiovani. La inscripci\u00f3n, mediante formulario virtual, permanece abierta hasta el 12 de noviembre inclusive.&nbsp;<\/p>\n\n\n\n<p><strong>Sobre la tallerista<\/strong><\/p>\n\n\n\n<p>Eliana Digiovani es guionista, directora y productora de Entre R\u00edos. Egresada como realizadora audiovisual de la Escuela de Cine de Fernando Birri (ISCAA) en Santa Fe y como Gestora Cultural en UNER.<\/p>\n\n\n\n<p>Realiz\u00f3 el cortometraje \u201cLa herida invisible\u201d, con apoyo de RTA, en el marco del Reality \u201cEl Mentor\u201d. \u201cAl caer el sol\u201d fue su primer cortometraje independiente, de gui\u00f3n y direcci\u00f3n propia, que cont\u00f3 con el apoyo del INCAA, FEICAC y el FNA. Fue productora de los cortometrajes animados \u201cAnah\u00ed\u201d y \u201cTiempo de esperar\u201d, dirigidos por Aranza Sonderegger.<\/p>\n\n\n\n<p>Actualmente trabaja en su \u00f3pera prima, un largometraje de ficci\u00f3n denominado &#8220;Intervalo&#8221;. Adem\u00e1s, desde 2020 coordina el taller de cine &#8220;Otros Mundos&#8221;.<\/p>\n\n\n\n<p>Formulario:&nbsp;<a href=\"https:\/\/docs.google.com\/forms\/d\/e\/1FAIpQLSdZVZ-PtjmWRtI6HaoOMZ6UMW8z6EKHuC-kFKLjIeVNmcyLNg\/viewform\" target=\"_blank\" rel=\"noreferrer noopener\">https:\/\/docs.google.com\/forms\/d\/e\/1FAIpQLSdZVZ-PtjmWRtI6HaoOMZ6UMW8z6EKHuC-kFKLjIeVNmcyLNg\/viewform<\/a><\/p>\n\n\n\n<p><em>(PRENSA IAAER)<\/em><\/p>\n","protected":false},"excerpt":{"rendered":"<p>El Gobierno de Entre R\u00edos profundiza las instancias de formaci\u00f3n sobre los fundamentos del lenguaje audiovisual. El taller Escuela de Cine Itinerante se efectuar\u00e1 los d\u00edas 14 y 15 de noviembre en la sala Noble del Instituto Aut\u00e1rquico Audiovisual de Entre R\u00edos (IAAER), destinado a j\u00f3venes entre 14 y 21 a\u00f1os, a cargo de la [&hellip;]<\/p>\n","protected":false},"author":5,"featured_media":11966,"comment_status":"open","ping_status":"open","sticky":false,"template":"","format":"standard","meta":{"_et_pb_use_builder":"off","_et_pb_old_content":"","_et_gb_content_width":"","footnotes":""},"categories":[1,28,4],"tags":[],"class_list":["post-11965","post","type-post","status-publish","format-standard","has-post-thumbnail","hentry","category-destacado","category-noticias","category-iaaer"],"_links":{"self":[{"href":"https:\/\/www.entrerios.gov.ar\/cultura\/wp-json\/wp\/v2\/posts\/11965","targetHints":{"allow":["GET"]}}],"collection":[{"href":"https:\/\/www.entrerios.gov.ar\/cultura\/wp-json\/wp\/v2\/posts"}],"about":[{"href":"https:\/\/www.entrerios.gov.ar\/cultura\/wp-json\/wp\/v2\/types\/post"}],"author":[{"embeddable":true,"href":"https:\/\/www.entrerios.gov.ar\/cultura\/wp-json\/wp\/v2\/users\/5"}],"replies":[{"embeddable":true,"href":"https:\/\/www.entrerios.gov.ar\/cultura\/wp-json\/wp\/v2\/comments?post=11965"}],"version-history":[{"count":1,"href":"https:\/\/www.entrerios.gov.ar\/cultura\/wp-json\/wp\/v2\/posts\/11965\/revisions"}],"predecessor-version":[{"id":11967,"href":"https:\/\/www.entrerios.gov.ar\/cultura\/wp-json\/wp\/v2\/posts\/11965\/revisions\/11967"}],"wp:featuredmedia":[{"embeddable":true,"href":"https:\/\/www.entrerios.gov.ar\/cultura\/wp-json\/wp\/v2\/media\/11966"}],"wp:attachment":[{"href":"https:\/\/www.entrerios.gov.ar\/cultura\/wp-json\/wp\/v2\/media?parent=11965"}],"wp:term":[{"taxonomy":"category","embeddable":true,"href":"https:\/\/www.entrerios.gov.ar\/cultura\/wp-json\/wp\/v2\/categories?post=11965"},{"taxonomy":"post_tag","embeddable":true,"href":"https:\/\/www.entrerios.gov.ar\/cultura\/wp-json\/wp\/v2\/tags?post=11965"}],"curies":[{"name":"wp","href":"https:\/\/api.w.org\/{rel}","templated":true}]}}