{"id":11978,"date":"2024-11-05T08:28:00","date_gmt":"2024-11-05T08:28:00","guid":{"rendered":"https:\/\/www.entrerios.gov.ar\/cultura\/?p=11978"},"modified":"2024-11-01T14:30:10","modified_gmt":"2024-11-01T14:30:10","slug":"continua-durante-noviembre-la-propuesta-del-cineclub-iaaer","status":"publish","type":"post","link":"https:\/\/www.entrerios.gov.ar\/cultura\/continua-durante-noviembre-la-propuesta-del-cineclub-iaaer\/","title":{"rendered":"Contin\u00faa durante noviembre la propuesta del Cineclub IAAER"},"content":{"rendered":"\n<p>&nbsp;La pr\u00f3xima proyecci\u00f3n ser\u00e1 el martes 12, a las 20, con la presentaci\u00f3n de&nbsp;<em>Fire of love<\/em>&nbsp;(2022), un&nbsp;documental dirigido por Sara Dorsa. La invitaci\u00f3n es en la Sala Noble (Gregoria Matorras 861- Paran\u00e1), con entrada libre y gratuita.<\/p>\n\n\n\n<p>Despu\u00e9s de cuatro funciones con el ciclo denominado Di\u00e1logos, ahora comienza otro llamado Traves\u00edas F\u00edlmicas<em>,&nbsp;<\/em>tambi\u00e9n organizado por el<em>&nbsp;<\/em>Instituto Aut\u00e1rquico Audiovisual de Entre R\u00edos (IAAER)<em>,&nbsp;<\/em>organismo dependiente de la Secretar\u00eda de Cultura provincial. En este nuevo marco, la presentaci\u00f3n ser\u00e1&nbsp;<em>e<\/em>l martes 12, a las 20, con&nbsp;<em>Fire of love<\/em>&nbsp;(2022)&nbsp;documental dirigido por Sara Dorsa.&nbsp;<\/p>\n\n\n\n<p>La sinopsis de esta obra de Dorsa, propone la historia de Katia y Maurice Krafft, cient\u00edficos y amantes, que viajaron por el planeta a la caza de erupciones, documentando sus descubrimientos. Murieron en 1991, pero dejaron un legado que enriqueci\u00f3 el conocimiento del mundo natural y el universo visual. La realizaci\u00f3n muestra pasi\u00f3n y poder\u00edo cinematogr\u00e1fico de las im\u00e1genes cient\u00edficas capturadas en el elemento fuego. El legado de un magma de sensaciones a la orilla de los volcanes.&nbsp;<\/p>\n\n\n\n<p><strong>Para m\u00e1s adelante&nbsp;<\/strong><\/p>\n\n\n\n<p>La siguiente funci\u00f3n del ciclo ser\u00e1 el martes 26 a la misma hora con la presentaci\u00f3n del t\u00edtulo&nbsp;<em>Sue\u00f1os de Hielo<\/em>&nbsp;(1993), un documental dirigido por el director chileno Ignacio Ag\u00fcero.<\/p>\n\n\n\n<p><strong>Trailer de&nbsp;<\/strong><strong><em>Fire of love<\/em><\/strong><strong>:<\/strong><\/p>\n\n\n\n<figure class=\"wp-block-embed is-type-video is-provider-youtube wp-block-embed-youtube wp-embed-aspect-16-9 wp-has-aspect-ratio\"><div class=\"wp-block-embed__wrapper\">\n<iframe loading=\"lazy\" title=\"Fire of love - Trailer subtitulado en espan\u0303ol\" width=\"1080\" height=\"608\" src=\"https:\/\/www.youtube.com\/embed\/vIhN7X8UCtw?start=20&#038;feature=oembed\"  allow=\"accelerometer; autoplay; clipboard-write; encrypted-media; gyroscope; picture-in-picture; web-share\" referrerpolicy=\"strict-origin-when-cross-origin\" allowfullscreen><\/iframe>\n<\/div><\/figure>\n\n\n\n<p><em>(Prensa IAAER)<\/em><\/p>\n","protected":false},"excerpt":{"rendered":"<p>&nbsp;La pr\u00f3xima proyecci\u00f3n ser\u00e1 el martes 12, a las 20, con la presentaci\u00f3n de&nbsp;Fire of love&nbsp;(2022), un&nbsp;documental dirigido por Sara Dorsa. La invitaci\u00f3n es en la Sala Noble (Gregoria Matorras 861- Paran\u00e1), con entrada libre y gratuita. Despu\u00e9s de cuatro funciones con el ciclo denominado Di\u00e1logos, ahora comienza otro llamado Traves\u00edas F\u00edlmicas,&nbsp;tambi\u00e9n organizado por el&nbsp;Instituto [&hellip;]<\/p>\n","protected":false},"author":5,"featured_media":11979,"comment_status":"open","ping_status":"open","sticky":false,"template":"","format":"standard","meta":{"_et_pb_use_builder":"off","_et_pb_old_content":"","_et_gb_content_width":"","footnotes":""},"categories":[1,28,4],"tags":[],"class_list":["post-11978","post","type-post","status-publish","format-standard","has-post-thumbnail","hentry","category-destacado","category-noticias","category-iaaer"],"_links":{"self":[{"href":"https:\/\/www.entrerios.gov.ar\/cultura\/wp-json\/wp\/v2\/posts\/11978","targetHints":{"allow":["GET"]}}],"collection":[{"href":"https:\/\/www.entrerios.gov.ar\/cultura\/wp-json\/wp\/v2\/posts"}],"about":[{"href":"https:\/\/www.entrerios.gov.ar\/cultura\/wp-json\/wp\/v2\/types\/post"}],"author":[{"embeddable":true,"href":"https:\/\/www.entrerios.gov.ar\/cultura\/wp-json\/wp\/v2\/users\/5"}],"replies":[{"embeddable":true,"href":"https:\/\/www.entrerios.gov.ar\/cultura\/wp-json\/wp\/v2\/comments?post=11978"}],"version-history":[{"count":1,"href":"https:\/\/www.entrerios.gov.ar\/cultura\/wp-json\/wp\/v2\/posts\/11978\/revisions"}],"predecessor-version":[{"id":11980,"href":"https:\/\/www.entrerios.gov.ar\/cultura\/wp-json\/wp\/v2\/posts\/11978\/revisions\/11980"}],"wp:featuredmedia":[{"embeddable":true,"href":"https:\/\/www.entrerios.gov.ar\/cultura\/wp-json\/wp\/v2\/media\/11979"}],"wp:attachment":[{"href":"https:\/\/www.entrerios.gov.ar\/cultura\/wp-json\/wp\/v2\/media?parent=11978"}],"wp:term":[{"taxonomy":"category","embeddable":true,"href":"https:\/\/www.entrerios.gov.ar\/cultura\/wp-json\/wp\/v2\/categories?post=11978"},{"taxonomy":"post_tag","embeddable":true,"href":"https:\/\/www.entrerios.gov.ar\/cultura\/wp-json\/wp\/v2\/tags?post=11978"}],"curies":[{"name":"wp","href":"https:\/\/api.w.org\/{rel}","templated":true}]}}