{"id":11987,"date":"2024-11-06T05:47:00","date_gmt":"2024-11-06T05:47:00","guid":{"rendered":"https:\/\/www.entrerios.gov.ar\/cultura\/?p=11987"},"modified":"2024-11-05T23:48:35","modified_gmt":"2024-11-05T23:48:35","slug":"camino-al-ficer-funciones-para-escuelas-en-el-cine-las-tipas","status":"publish","type":"post","link":"https:\/\/www.entrerios.gov.ar\/cultura\/camino-al-ficer-funciones-para-escuelas-en-el-cine-las-tipas\/","title":{"rendered":"Camino al FICER: funciones para escuelas en el cine Las Tipas"},"content":{"rendered":"\n<p>En vistas al pr\u00f3ximo Festival Internacional de Cine de Entre R\u00edos (FICER), organizado por el Gobierno de la Provincia, la Secretar\u00eda de Cultura, y el Instituto Aut\u00e1rquico Audiovisual de Entre R\u00edos (IAAER), se ofrece a las escuelas secundarias proyecciones gratuitas en el cine Las Tipas, ubicado en el shopping Paso del Paran\u00e1 (Corrientes y San Lorenzo) de la capital entrerriana.<\/p>\n\n\n\n<p>Las funciones ser\u00e1n los pr\u00f3ximos mi\u00e9rcoles 13 y 20 noviembre a las 10 de la ma\u00f1ana.<\/p>\n\n\n\n<p>La pel\u00edcula elegida para las alumnas y los alumnos del nivel medio es Puan (2023), una producci\u00f3n argentina dirigida por Mar\u00eda Alch\u00e9 y Benjam\u00edn Naishtat. La obra cinematogr\u00e1fica cuenta, entre otras actuaciones, con las de Leonardo Sbaraglia y Marcelo Subiotto. El film narra un episodio en la vida de un profesor universitario que tiene la posibilidad de ascender a titular de c\u00e1tedra, pero un colega, m\u00e1s carism\u00e1tico, volver\u00e1 de Europa para disputarle el cargo. Los torpes esfuerzos del protagonista por demostrar que es el mejor candidato desencadenan un divertido duelo filos\u00f3fico mientras su vida y el pa\u00eds se vuelven un caos.<\/p>\n\n\n\n<p>Las instituciones que quieran participar pueden escribir a&nbsp;<a href=\"mailto:ficerescuelas@gmail.com\" target=\"_blank\" rel=\"noreferrer noopener\">ficerescuelas@gmail.com<\/a>&nbsp;indicando el d\u00eda elegido para asistir y la cantidad de estudiantes que concurrir\u00e1n. Quienes se inscriban recibir\u00e1n un correo con la confirmaci\u00f3n, debido a la capacidad limitada de las salas.&nbsp;<\/p>\n\n\n\n<p>La sexta edici\u00f3n del FICER se realizar\u00e1 entre el 11 y el 15 de diciembre en Paran\u00e1 y en varias subsedes en otras ciudades de la provincia. Para m\u00e1s novedades al respecto se puede ingresar a la p\u00e1gina&nbsp;<a href=\"http:\/\/www.ficer.com.ar\/\" target=\"_blank\" rel=\"noreferrer noopener\">www.ficer.com.ar<\/a>.<\/p>\n","protected":false},"excerpt":{"rendered":"<p>En vistas al pr\u00f3ximo Festival Internacional de Cine de Entre R\u00edos (FICER), organizado por el Gobierno de la Provincia, la Secretar\u00eda de Cultura, y el Instituto Aut\u00e1rquico Audiovisual de Entre R\u00edos (IAAER), se ofrece a las escuelas secundarias proyecciones gratuitas en el cine Las Tipas, ubicado en el shopping Paso del Paran\u00e1 (Corrientes y San [&hellip;]<\/p>\n","protected":false},"author":5,"featured_media":11988,"comment_status":"open","ping_status":"open","sticky":false,"template":"","format":"standard","meta":{"_et_pb_use_builder":"off","_et_pb_old_content":"","_et_gb_content_width":"","footnotes":""},"categories":[1,28,125,4],"tags":[],"class_list":["post-11987","post","type-post","status-publish","format-standard","has-post-thumbnail","hentry","category-destacado","category-noticias","category-ficer","category-iaaer"],"_links":{"self":[{"href":"https:\/\/www.entrerios.gov.ar\/cultura\/wp-json\/wp\/v2\/posts\/11987","targetHints":{"allow":["GET"]}}],"collection":[{"href":"https:\/\/www.entrerios.gov.ar\/cultura\/wp-json\/wp\/v2\/posts"}],"about":[{"href":"https:\/\/www.entrerios.gov.ar\/cultura\/wp-json\/wp\/v2\/types\/post"}],"author":[{"embeddable":true,"href":"https:\/\/www.entrerios.gov.ar\/cultura\/wp-json\/wp\/v2\/users\/5"}],"replies":[{"embeddable":true,"href":"https:\/\/www.entrerios.gov.ar\/cultura\/wp-json\/wp\/v2\/comments?post=11987"}],"version-history":[{"count":1,"href":"https:\/\/www.entrerios.gov.ar\/cultura\/wp-json\/wp\/v2\/posts\/11987\/revisions"}],"predecessor-version":[{"id":11989,"href":"https:\/\/www.entrerios.gov.ar\/cultura\/wp-json\/wp\/v2\/posts\/11987\/revisions\/11989"}],"wp:featuredmedia":[{"embeddable":true,"href":"https:\/\/www.entrerios.gov.ar\/cultura\/wp-json\/wp\/v2\/media\/11988"}],"wp:attachment":[{"href":"https:\/\/www.entrerios.gov.ar\/cultura\/wp-json\/wp\/v2\/media?parent=11987"}],"wp:term":[{"taxonomy":"category","embeddable":true,"href":"https:\/\/www.entrerios.gov.ar\/cultura\/wp-json\/wp\/v2\/categories?post=11987"},{"taxonomy":"post_tag","embeddable":true,"href":"https:\/\/www.entrerios.gov.ar\/cultura\/wp-json\/wp\/v2\/tags?post=11987"}],"curies":[{"name":"wp","href":"https:\/\/api.w.org\/{rel}","templated":true}]}}