{"id":11995,"date":"2024-11-06T12:58:20","date_gmt":"2024-11-06T12:58:20","guid":{"rendered":"https:\/\/www.entrerios.gov.ar\/cultura\/?p=11995"},"modified":"2024-11-06T13:34:57","modified_gmt":"2024-11-06T13:34:57","slug":"fueron-seleccionadas-las-obras-para-el-39-encuentro-entrerriano-de-teatro","status":"publish","type":"post","link":"https:\/\/www.entrerios.gov.ar\/cultura\/fueron-seleccionadas-las-obras-para-el-39-encuentro-entrerriano-de-teatro\/","title":{"rendered":"Fueron seleccionadas las obras para el 39\u00b0 Encuentro Entrerriano de Teatro"},"content":{"rendered":"\n<p>La Secretar\u00eda de Cultura de la Provincia de Entre R\u00edos anunci\u00f3 las obras esc\u00e9nicas que fueron seleccionadas para formar parte de la grilla del evento que se realizar\u00e1 entre el 29 de noviembre y el 1 de diciembre en Concepci\u00f3n del Uruguay.<\/p>\n\n\n\n<p>La Secretar\u00eda de Cultura de Entre R\u00edos anunci\u00f3 las obras que integrar\u00e1n la grilla. El Equipo de Curadur\u00eda -integrado por Daniel Dalmaroni, Gast\u00f3n D\u00edaz y Gabriel Cosoy-, evalu\u00f3 las propuestas esc\u00e9nicas inscriptas en el Selectivo Provincial de Teatro, y determin\u00f3 las siguientes obras, seg\u00fan los criterios establecidos en la <a href=\"https:\/\/drive.google.com\/file\/d\/1_CP7pQ-ujIYVBPhnZWeKs6C57_TBb48_\/view\" target=\"_blank\" rel=\"noreferrer noopener\">Reglamentaci\u00f3n General<\/a><\/p>\n\n\n\n<p><strong>Por la Regi\u00f3n I <\/strong><strong><em>Calle Resistencia 22<\/em><\/strong><strong> (Victoria); por la Regi\u00f3n II <\/strong><strong><em>La carpinter\u00eda de Don Bochirulo<\/em><\/strong><strong>(Col\u00f3n); por la Regi\u00f3n III <\/strong><strong><em>Vida y Vuelta de dos payasos<\/em><\/strong><strong> (Paran\u00e1); por la Regi\u00f3n IV <\/strong><strong><em>Alberto<\/em><\/strong><strong> (Chajar\u00ed); y por la Regi\u00f3n V <\/strong><strong><em>El loco y la camisa<\/em><\/strong><strong> (Gualeguaych\u00fa).\u00a0<\/strong><\/p>\n\n\n\n<p>Por la Ciudad sede (Concepci\u00f3n del Uruguay) se seleccionar\u00e1n tres obras que se conocer\u00e1n a la brevedad.&nbsp;<\/p>\n\n\n\n<p>Cada compa\u00f1\u00eda percibir\u00e1 el pago de un cachet art\u00edstico por la funci\u00f3n realizada.<\/p>\n\n\n\n<p>Durante el Encuentro Entrerriano de Teatro, el acceso a todas las actividades ser\u00e1 libre y gratuito.<\/p>\n\n\n\n<p>La iniciativa es impulsada conjuntamente por la Secretar\u00eda de Cultura de Entre R\u00edos y la Municipalidad de Concepci\u00f3n del Uruguay.<\/p>\n\n\n\n<p><em>Foto de portada: Encuentro Entrerriano de Teatro. Archivo SCER.-<\/em><\/p>\n","protected":false},"excerpt":{"rendered":"<p>La Secretar\u00eda de Cultura de la Provincia de Entre R\u00edos anunci\u00f3 las obras esc\u00e9nicas que fueron seleccionadas para formar parte de la grilla del evento que se realizar\u00e1 entre el 29 de noviembre y el 1 de diciembre en Concepci\u00f3n del Uruguay. La Secretar\u00eda de Cultura de Entre R\u00edos anunci\u00f3 las obras que integrar\u00e1n la [&hellip;]<\/p>\n","protected":false},"author":5,"featured_media":11996,"comment_status":"open","ping_status":"open","sticky":false,"template":"","format":"standard","meta":{"_et_pb_use_builder":"off","_et_pb_old_content":"","_et_gb_content_width":"","footnotes":""},"categories":[1,28],"tags":[],"class_list":["post-11995","post","type-post","status-publish","format-standard","has-post-thumbnail","hentry","category-destacado","category-noticias"],"_links":{"self":[{"href":"https:\/\/www.entrerios.gov.ar\/cultura\/wp-json\/wp\/v2\/posts\/11995","targetHints":{"allow":["GET"]}}],"collection":[{"href":"https:\/\/www.entrerios.gov.ar\/cultura\/wp-json\/wp\/v2\/posts"}],"about":[{"href":"https:\/\/www.entrerios.gov.ar\/cultura\/wp-json\/wp\/v2\/types\/post"}],"author":[{"embeddable":true,"href":"https:\/\/www.entrerios.gov.ar\/cultura\/wp-json\/wp\/v2\/users\/5"}],"replies":[{"embeddable":true,"href":"https:\/\/www.entrerios.gov.ar\/cultura\/wp-json\/wp\/v2\/comments?post=11995"}],"version-history":[{"count":3,"href":"https:\/\/www.entrerios.gov.ar\/cultura\/wp-json\/wp\/v2\/posts\/11995\/revisions"}],"predecessor-version":[{"id":12001,"href":"https:\/\/www.entrerios.gov.ar\/cultura\/wp-json\/wp\/v2\/posts\/11995\/revisions\/12001"}],"wp:featuredmedia":[{"embeddable":true,"href":"https:\/\/www.entrerios.gov.ar\/cultura\/wp-json\/wp\/v2\/media\/11996"}],"wp:attachment":[{"href":"https:\/\/www.entrerios.gov.ar\/cultura\/wp-json\/wp\/v2\/media?parent=11995"}],"wp:term":[{"taxonomy":"category","embeddable":true,"href":"https:\/\/www.entrerios.gov.ar\/cultura\/wp-json\/wp\/v2\/categories?post=11995"},{"taxonomy":"post_tag","embeddable":true,"href":"https:\/\/www.entrerios.gov.ar\/cultura\/wp-json\/wp\/v2\/tags?post=11995"}],"curies":[{"name":"wp","href":"https:\/\/api.w.org\/{rel}","templated":true}]}}