{"id":12074,"date":"2024-11-19T14:54:31","date_gmt":"2024-11-19T14:54:31","guid":{"rendered":"https:\/\/www.entrerios.gov.ar\/cultura\/?p=12074"},"modified":"2024-11-19T14:54:32","modified_gmt":"2024-11-19T14:54:32","slug":"carla-olivera-ganadora-del-premio-fray-mocho-poesia-2022-presento-su-libro-en-gualeguaychu","status":"publish","type":"post","link":"https:\/\/www.entrerios.gov.ar\/cultura\/carla-olivera-ganadora-del-premio-fray-mocho-poesia-2022-presento-su-libro-en-gualeguaychu\/","title":{"rendered":"Carla Olivera, ganadora del Premio Fray Mocho Poes\u00eda 2022, present\u00f3 su libro en Gualeguaych\u00fa"},"content":{"rendered":"\n<p>Acompa\u00f1ada de autoridades de la Secretar\u00eda de Cultura de la Provincia, familiares, amigos y poetas, Olivera present\u00f3 &#8220;El asombro de los d\u00edas&#8221;. El encuentro tuvo lugar el 17 de noviembre, en el Museo Casa Natal Fray Mocho de Gualeguaych\u00fa, su ciudad natal.&nbsp;<\/p>\n\n\n\n<p>\u201cAcompa\u00f1ar el proceso de los premios Fray Mocho es muy importante para la Secretar\u00eda de Cultura. No solo se trata de cumplir con la ley que establece el premio, sino tambi\u00e9n acompa\u00f1ar el proceso para que esas obras tan valiosas lleguen a los p\u00fablicos de toda la provincia. Difundir estos premios es parte de la misi\u00f3n de dar a conocer el talento de los autores y las autoras de la provincia\u201d, destac\u00f3 Juli\u00e1n Stopello, secretario de Cultura de Entre R\u00edos quien estuvo presente en la velada.<\/p>\n\n\n\n<p>El encuentro fue acompa\u00f1ado por muchas personas y destacados autores de la ciudad. Algunos de ellos ofrecieron lecturas como en el caso de Pamela De Battista, Mart\u00edn Pucheta, Susana Bon y Nelu Dominutti. La actividad tuvo tambi\u00e9n su momento musical de la mano de Santi Veronesi y Aranza Durando. Tambi\u00e9n estuvieron Fabi\u00e1n Reato, director de la Editorial de Entre R\u00edos, y Luis Castillo, subsecretario de Cultura de Gualeguaych\u00fa.&nbsp;<\/p>\n\n\n\n<figure class=\"wp-block-image\"><img loading=\"lazy\" decoding=\"async\" width=\"1280\" height=\"720\" src=\"https:\/\/www.entrerios.gov.ar\/cultura\/wp-content\/uploads\/2024\/11\/AD_4nXclfmGG1R0qP4FBFdTUz0gaNA_SKcqIlKwWdC-EYmLmN96DyEFsrQxNjd2m3Wrqbqj4z5-AZ10WMUs0LhsbR2EnmrNG8m44mJ0x6zaSGRgWYfSmvzvSb4oBVCxt65EP6ihMPnUihw.jpg\" alt=\"\" class=\"wp-image-12076\" srcset=\"https:\/\/www.entrerios.gov.ar\/cultura\/wp-content\/uploads\/2024\/11\/AD_4nXclfmGG1R0qP4FBFdTUz0gaNA_SKcqIlKwWdC-EYmLmN96DyEFsrQxNjd2m3Wrqbqj4z5-AZ10WMUs0LhsbR2EnmrNG8m44mJ0x6zaSGRgWYfSmvzvSb4oBVCxt65EP6ihMPnUihw.jpg 1280w, https:\/\/www.entrerios.gov.ar\/cultura\/wp-content\/uploads\/2024\/11\/AD_4nXclfmGG1R0qP4FBFdTUz0gaNA_SKcqIlKwWdC-EYmLmN96DyEFsrQxNjd2m3Wrqbqj4z5-AZ10WMUs0LhsbR2EnmrNG8m44mJ0x6zaSGRgWYfSmvzvSb4oBVCxt65EP6ihMPnUihw-980x551.jpg 980w, https:\/\/www.entrerios.gov.ar\/cultura\/wp-content\/uploads\/2024\/11\/AD_4nXclfmGG1R0qP4FBFdTUz0gaNA_SKcqIlKwWdC-EYmLmN96DyEFsrQxNjd2m3Wrqbqj4z5-AZ10WMUs0LhsbR2EnmrNG8m44mJ0x6zaSGRgWYfSmvzvSb4oBVCxt65EP6ihMPnUihw-480x270.jpg 480w\" sizes=\"auto, (min-width: 0px) and (max-width: 480px) 480px, (min-width: 481px) and (max-width: 980px) 980px, (min-width: 981px) 1280px, 100vw\" \/><\/figure>\n\n\n\n<p>Sobre la obra, el jurado evaluador del premio expres\u00f3: \u201cEn El asombro de los d\u00edas, encontramos una voz po\u00e9tica capaz de entramar el brillo desnudo de la naturaleza y el paisaje con un orden \u00edntimo y, a la vez, com\u00fan, atravesado por el tiempo personal y colectivo. Los poemas de este libro nombran lo humano sin separarlo del destino de los otros seres, con perplejidad y delicadeza, y una conciencia del misterio que no deja de hacerse notar en la manera intensa, directa y precisa que asume la lengua po\u00e9tica\u201d.<\/p>\n\n\n\n<p>Carla Olivera naci\u00f3 en Gualeguaych\u00fa en 1985 y es profesora de Lengua y Literatura. Public\u00f3 Partici\u00f3n de voces (2006, De los Cuatro vientos, Buenos Aires) e Intemperie (2014, Singular Ediciones, Gualeguaych\u00fa). Ha ganado premios provinciales, nacionales e internacionales, y sus obras forman parte de antolog\u00edas po\u00e9ticas<\/p>\n","protected":false},"excerpt":{"rendered":"<p>Acompa\u00f1ada de autoridades de la Secretar\u00eda de Cultura de la Provincia, familiares, amigos y poetas, Olivera present\u00f3 &#8220;El asombro de los d\u00edas&#8221;. El encuentro tuvo lugar el 17 de noviembre, en el Museo Casa Natal Fray Mocho de Gualeguaych\u00fa, su ciudad natal.&nbsp; \u201cAcompa\u00f1ar el proceso de los premios Fray Mocho es muy importante para la [&hellip;]<\/p>\n","protected":false},"author":5,"featured_media":12075,"comment_status":"open","ping_status":"open","sticky":false,"template":"","format":"standard","meta":{"_et_pb_use_builder":"off","_et_pb_old_content":"","_et_gb_content_width":"","footnotes":""},"categories":[1,28,6],"tags":[],"class_list":["post-12074","post","type-post","status-publish","format-standard","has-post-thumbnail","hentry","category-destacado","category-noticias","category-editorial-de-entre-rios"],"_links":{"self":[{"href":"https:\/\/www.entrerios.gov.ar\/cultura\/wp-json\/wp\/v2\/posts\/12074","targetHints":{"allow":["GET"]}}],"collection":[{"href":"https:\/\/www.entrerios.gov.ar\/cultura\/wp-json\/wp\/v2\/posts"}],"about":[{"href":"https:\/\/www.entrerios.gov.ar\/cultura\/wp-json\/wp\/v2\/types\/post"}],"author":[{"embeddable":true,"href":"https:\/\/www.entrerios.gov.ar\/cultura\/wp-json\/wp\/v2\/users\/5"}],"replies":[{"embeddable":true,"href":"https:\/\/www.entrerios.gov.ar\/cultura\/wp-json\/wp\/v2\/comments?post=12074"}],"version-history":[{"count":1,"href":"https:\/\/www.entrerios.gov.ar\/cultura\/wp-json\/wp\/v2\/posts\/12074\/revisions"}],"predecessor-version":[{"id":12077,"href":"https:\/\/www.entrerios.gov.ar\/cultura\/wp-json\/wp\/v2\/posts\/12074\/revisions\/12077"}],"wp:featuredmedia":[{"embeddable":true,"href":"https:\/\/www.entrerios.gov.ar\/cultura\/wp-json\/wp\/v2\/media\/12075"}],"wp:attachment":[{"href":"https:\/\/www.entrerios.gov.ar\/cultura\/wp-json\/wp\/v2\/media?parent=12074"}],"wp:term":[{"taxonomy":"category","embeddable":true,"href":"https:\/\/www.entrerios.gov.ar\/cultura\/wp-json\/wp\/v2\/categories?post=12074"},{"taxonomy":"post_tag","embeddable":true,"href":"https:\/\/www.entrerios.gov.ar\/cultura\/wp-json\/wp\/v2\/tags?post=12074"}],"curies":[{"name":"wp","href":"https:\/\/api.w.org\/{rel}","templated":true}]}}