{"id":12115,"date":"2024-11-26T12:01:11","date_gmt":"2024-11-26T12:01:11","guid":{"rendered":"https:\/\/www.entrerios.gov.ar\/cultura\/?p=12115"},"modified":"2024-11-26T12:39:54","modified_gmt":"2024-11-26T12:39:54","slug":"mas-de-veinte-subsedes-en-la-provincia-se-sumaran-al-ficer-2024","status":"publish","type":"post","link":"https:\/\/www.entrerios.gov.ar\/cultura\/mas-de-veinte-subsedes-en-la-provincia-se-sumaran-al-ficer-2024\/","title":{"rendered":"M\u00e1s de veinte subsedes en la provincia se sumar\u00e1n al FICER 2024\u00a0"},"content":{"rendered":"\n<p>El Festival Internacional de Cine de Entre R\u00edos (FICER) sumar\u00e1 m\u00e1s de veinte subsedes de proyecci\u00f3n en distintas localidades de la provincia para la programaci\u00f3n de su sexta edici\u00f3n, que se llevar\u00e1 a cabo entre el 11 y el 15 de diciembre. La iniciativa es organizada por el Gobierno de la Provincia, la Secretar\u00eda de Cultura de Entre R\u00edos y el Instituto Aut\u00e1rquico Audiovisual (IAAER).&nbsp;<\/p>\n\n\n\n<p>El FICER fortalece su impronta federal, que permite conectar distintos puntos del territorio entrerriano en simult\u00e1neo y consolida su identidad. Respecto de su edici\u00f3n anterior, FICER incrementa en m\u00e1s de quince subsedes su presencia en el interior provincial.<\/p>\n\n\n\n<p>Una de las localidades que enciende proyectores es Sauce de Luna (Departamento Federal). Mar\u00eda Rosa Wetzel, responsable del \u00c1rea de Cultura y Educaci\u00f3n del municipio, expres\u00f3: \u201cEstamos con muchas expectativas con esta posibilidad de ser subsede del FICER. Con el equipo de gesti\u00f3n local consideramos que esta apuesta cinematogr\u00e1fica en nuestro pueblo es una forma de fortalecer los derechos, de construir ciudadan\u00eda, de robustecer la historia local y de poder participar de experiencias in\u00e9ditas para la regi\u00f3n. Es un modo tambi\u00e9n de apostar a la construcci\u00f3n de conocimiento, de generar espacios de pensamiento y debate\u201d.<\/p>\n\n\n\n<figure class=\"wp-block-image size-large\"><img loading=\"lazy\" decoding=\"async\" width=\"1024\" height=\"683\" src=\"https:\/\/www.entrerios.gov.ar\/cultura\/wp-content\/uploads\/2021\/08\/1_portadasubsedes-1024x683.jpg\" alt=\"\" class=\"wp-image-12114\" srcset=\"https:\/\/www.entrerios.gov.ar\/cultura\/wp-content\/uploads\/2021\/08\/1_portadasubsedes-980x653.jpg 980w, https:\/\/www.entrerios.gov.ar\/cultura\/wp-content\/uploads\/2021\/08\/1_portadasubsedes-480x320.jpg 480w\" sizes=\"auto, (min-width: 0px) and (max-width: 480px) 480px, (min-width: 481px) and (max-width: 980px) 980px, (min-width: 981px) 1024px, 100vw\" \/><\/figure>\n\n\n\n<p>Por su parte, el responsable del \u00e1rea de Cultura de la ciudad de Larroque (Departamento Gualeguaych\u00fa), Lauro Cichero, manifest\u00f3 su agradecimiento por la invitaci\u00f3n a ser parte del FICER. \u201cPara nosotros es muy importante poder participar de este festival, porque somos una ciudad relativamente chica y no contamos con salas de cine. As\u00ed nos sentimos integrados y a la vez es un desaf\u00edo m\u00e1s para nosotros. Estamos orgullosos de poder estar preparados para recibirlos\u201d, indic\u00f3 Cichero.<\/p>\n\n\n\n<p>Concordia vuelve a ser una de las subsedes y, en este sentido, el director de Recursos Culturales, Comunicaci\u00f3n e Innovaci\u00f3n de la Subsecretar\u00eda de Cultura de Concordia, Alejandro Gabriel Rodr\u00edguez, remarc\u00f3: \u201cNos encontramos honrados y agradecidos de ser subsede de este festival tan trascendental para el s\u00e9ptimo arte, porque Concordia es una ciudad que tiene una historia muy rica en cuanto a la cinematograf\u00eda, que se remonta a los albores de las d\u00e9cadas del \u00b470 y los \u00b480 con la creaci\u00f3n de la Pe\u00f1a en S\u00faper 8; y tenemos grandes valores locales que han elegido la carrera de directores de cine\u201d. Rodr\u00edguez agreg\u00f3: \u201cEn esta ocasi\u00f3n recibimos muy gustosos este festival y vamos a tener una sala de proyecci\u00f3n en la Casa del Bicentenario, que est\u00e1 ubicada en un barrio muy neur\u00e1lgico de nuestra ciudad, donde esperamos que todos los vecinos de todos esos barrios tan populosos puedan disfrutar las proyecciones que el FICER nos brindar\u00e1\u201d.<\/p>\n\n\n\n<p>Todas las novedades del Festival se pueden encontrar ingresando en www.ficer.com.ar o seguir al FICER en redes sociales como @ficerok<\/p>\n","protected":false},"excerpt":{"rendered":"<p>El Festival Internacional de Cine de Entre R\u00edos (FICER) sumar\u00e1 m\u00e1s de veinte subsedes de proyecci\u00f3n en distintas localidades de la provincia para la programaci\u00f3n de su sexta edici\u00f3n, que se llevar\u00e1 a cabo entre el 11 y el 15 de diciembre. La iniciativa es organizada por el Gobierno de la Provincia, la Secretar\u00eda de [&hellip;]<\/p>\n","protected":false},"author":5,"featured_media":12113,"comment_status":"open","ping_status":"open","sticky":false,"template":"","format":"standard","meta":{"_et_pb_use_builder":"off","_et_pb_old_content":"","_et_gb_content_width":"","footnotes":""},"categories":[1,28,125],"tags":[],"class_list":["post-12115","post","type-post","status-publish","format-standard","has-post-thumbnail","hentry","category-destacado","category-noticias","category-ficer"],"_links":{"self":[{"href":"https:\/\/www.entrerios.gov.ar\/cultura\/wp-json\/wp\/v2\/posts\/12115","targetHints":{"allow":["GET"]}}],"collection":[{"href":"https:\/\/www.entrerios.gov.ar\/cultura\/wp-json\/wp\/v2\/posts"}],"about":[{"href":"https:\/\/www.entrerios.gov.ar\/cultura\/wp-json\/wp\/v2\/types\/post"}],"author":[{"embeddable":true,"href":"https:\/\/www.entrerios.gov.ar\/cultura\/wp-json\/wp\/v2\/users\/5"}],"replies":[{"embeddable":true,"href":"https:\/\/www.entrerios.gov.ar\/cultura\/wp-json\/wp\/v2\/comments?post=12115"}],"version-history":[{"count":2,"href":"https:\/\/www.entrerios.gov.ar\/cultura\/wp-json\/wp\/v2\/posts\/12115\/revisions"}],"predecessor-version":[{"id":12119,"href":"https:\/\/www.entrerios.gov.ar\/cultura\/wp-json\/wp\/v2\/posts\/12115\/revisions\/12119"}],"wp:featuredmedia":[{"embeddable":true,"href":"https:\/\/www.entrerios.gov.ar\/cultura\/wp-json\/wp\/v2\/media\/12113"}],"wp:attachment":[{"href":"https:\/\/www.entrerios.gov.ar\/cultura\/wp-json\/wp\/v2\/media?parent=12115"}],"wp:term":[{"taxonomy":"category","embeddable":true,"href":"https:\/\/www.entrerios.gov.ar\/cultura\/wp-json\/wp\/v2\/categories?post=12115"},{"taxonomy":"post_tag","embeddable":true,"href":"https:\/\/www.entrerios.gov.ar\/cultura\/wp-json\/wp\/v2\/tags?post=12115"}],"curies":[{"name":"wp","href":"https:\/\/api.w.org\/{rel}","templated":true}]}}