{"id":12127,"date":"2024-11-29T10:54:07","date_gmt":"2024-11-29T10:54:07","guid":{"rendered":"https:\/\/www.entrerios.gov.ar\/cultura\/?p=12127"},"modified":"2024-11-29T10:54:10","modified_gmt":"2024-11-29T10:54:10","slug":"hoy-comienza-el-39-encuentro-entrerriano-de-teatro-en-la-historica","status":"publish","type":"post","link":"https:\/\/www.entrerios.gov.ar\/cultura\/hoy-comienza-el-39-encuentro-entrerriano-de-teatro-en-la-historica\/","title":{"rendered":"Hoy comienza el 39\u00b0 Encuentro Entrerriano de Teatro en La Hist\u00f3rica"},"content":{"rendered":"\n<p>Con una selecci\u00f3n federal de producciones entrerrianas y obras invitadas comienza esta tarde la nueva edici\u00f3n. La iniciativa es impulsada por el Gobierno de Entre R\u00edos a trav\u00e9s de la Secretar\u00eda de Cultura y el Municipio de Concepci\u00f3n del Uruguay.&nbsp;<\/p>\n\n\n\n<p>Concepci\u00f3n del Uruguay ser\u00e1 nuevamente la ciudad anfitriona de una fiesta art\u00edstica con la participaci\u00f3n de elencos elegidos por un jurado y que representar\u00e1n a diferentes regiones de la provincia. Las funciones ser\u00e1n gratuitas. En 2024 participan del Encuentro unos 90 artistas entrerrianos (entre actores, directores y dramaturgos).&nbsp;<\/p>\n\n\n\n<p>El viernes 29 de noviembre las actividades comenzar\u00e1n a las 16 con la obra infantil&nbsp;<strong>Asamblea de Animales<\/strong>&nbsp;de Concepci\u00f3n del Uruguay en el Auditorio Auditorio Municipal Carlos Mar\u00eda Scelzi. La obra transcurre durante 40 minutos; cuenta una historia sobre un humedal muy especial donde los \u00e1rboles susurran secretos y el r\u00edo Uruguay canta melod\u00edas.&nbsp;<\/p>\n\n\n\n<p>En el Auditorio Municipal Arturo Illia se presentar\u00e1&nbsp;<strong>Alberto<\/strong>&nbsp;a las 18:30. Se trata de una puesta escrita, dirigida e interpretada por Gonzalo Siandra (Chajar\u00ed).&nbsp;<strong>Alberto<\/strong>&nbsp;es un relato esc\u00e9nico de ficci\u00f3n que nace como respuesta a un secreto familiar. Este unipersonal multidisciplinar, atravesado por la danza, el teatro y la performance, es una respuesta imaginada, una mirilla hacia la intimidad impenetrable. La obra est\u00e1 dirigida a p\u00fablicos mayores de 16 a\u00f1os.&nbsp;<\/p>\n\n\n\n<p>La apertura formal del Encuentro tendr\u00e1 dos momentos especiales. A las 20 en la intersecci\u00f3n de las calles 9 de julio y Eva Per\u00f3n se presentar\u00e1 la intervenci\u00f3n gardeliana a cargo de Juan Parodi y los artistas Guillermo Fern\u00e1ndez y C\u00e9sar Angeleri. Se trata de&nbsp;<strong>La \u00faltima noche. Hotel Paris.&nbsp;<\/strong>Seguido a ello, autoridades y organizadores del evento brindar\u00e1n unas palabras de bienvenida en el<strong>&nbsp;<\/strong>Auditorio Scelzi a las 20.30.&nbsp;<\/p>\n\n\n\n<p>Finalizar\u00e1 la jornada<strong>&nbsp;<\/strong>la obra<strong>&nbsp;Inestable<\/strong>&nbsp; a las 21.30, con la Compa\u00f1\u00eda de Teatro Argentina Los Sutottos -invitada de Buenos Aires-. Con dramaturgia y direcci\u00f3n de Andr\u00e9s Caminos y Gadiel Sztryk.&nbsp;<strong>Inestable&nbsp;<\/strong>toma como eje el miedo y sus derivados; paranoias, fobias, obsesiones y ansiedades. La puesta ser\u00e1 en el Auditorio Scelzi y est\u00e1 destinada a adolescentes y adultos.&nbsp;<\/p>\n\n\n\n<p>Las entradas podr\u00e1n retirarse una hora antes de cada funci\u00f3n, en la sala que corresponda.<\/p>\n\n\n\n<p>Para consultar todos los detalles de la programaci\u00f3n que se extiende hasta el domingo 1 de diciembre, se invita a ingresar y descargar el&nbsp;<a href=\"https:\/\/drive.google.com\/file\/d\/1oASJKW4yzwHTtQgfY5zc5iL5ZFmG_pTV\/view\" target=\"_blank\" rel=\"noreferrer noopener\">PROGRAMA COMPLETO<\/a><\/p>\n","protected":false},"excerpt":{"rendered":"<p>Con una selecci\u00f3n federal de producciones entrerrianas y obras invitadas comienza esta tarde la nueva edici\u00f3n. La iniciativa es impulsada por el Gobierno de Entre R\u00edos a trav\u00e9s de la Secretar\u00eda de Cultura y el Municipio de Concepci\u00f3n del Uruguay.&nbsp; Concepci\u00f3n del Uruguay ser\u00e1 nuevamente la ciudad anfitriona de una fiesta art\u00edstica con la participaci\u00f3n [&hellip;]<\/p>\n","protected":false},"author":5,"featured_media":12126,"comment_status":"open","ping_status":"open","sticky":false,"template":"","format":"standard","meta":{"_et_pb_use_builder":"off","_et_pb_old_content":"","_et_gb_content_width":"","footnotes":""},"categories":[1,28,132],"tags":[],"class_list":["post-12127","post","type-post","status-publish","format-standard","has-post-thumbnail","hentry","category-destacado","category-noticias","category-consejo-provincial-de-teatro"],"_links":{"self":[{"href":"https:\/\/www.entrerios.gov.ar\/cultura\/wp-json\/wp\/v2\/posts\/12127","targetHints":{"allow":["GET"]}}],"collection":[{"href":"https:\/\/www.entrerios.gov.ar\/cultura\/wp-json\/wp\/v2\/posts"}],"about":[{"href":"https:\/\/www.entrerios.gov.ar\/cultura\/wp-json\/wp\/v2\/types\/post"}],"author":[{"embeddable":true,"href":"https:\/\/www.entrerios.gov.ar\/cultura\/wp-json\/wp\/v2\/users\/5"}],"replies":[{"embeddable":true,"href":"https:\/\/www.entrerios.gov.ar\/cultura\/wp-json\/wp\/v2\/comments?post=12127"}],"version-history":[{"count":1,"href":"https:\/\/www.entrerios.gov.ar\/cultura\/wp-json\/wp\/v2\/posts\/12127\/revisions"}],"predecessor-version":[{"id":12128,"href":"https:\/\/www.entrerios.gov.ar\/cultura\/wp-json\/wp\/v2\/posts\/12127\/revisions\/12128"}],"wp:featuredmedia":[{"embeddable":true,"href":"https:\/\/www.entrerios.gov.ar\/cultura\/wp-json\/wp\/v2\/media\/12126"}],"wp:attachment":[{"href":"https:\/\/www.entrerios.gov.ar\/cultura\/wp-json\/wp\/v2\/media?parent=12127"}],"wp:term":[{"taxonomy":"category","embeddable":true,"href":"https:\/\/www.entrerios.gov.ar\/cultura\/wp-json\/wp\/v2\/categories?post=12127"},{"taxonomy":"post_tag","embeddable":true,"href":"https:\/\/www.entrerios.gov.ar\/cultura\/wp-json\/wp\/v2\/tags?post=12127"}],"curies":[{"name":"wp","href":"https:\/\/api.w.org\/{rel}","templated":true}]}}