{"id":12174,"date":"2024-12-05T13:22:03","date_gmt":"2024-12-05T13:22:03","guid":{"rendered":"https:\/\/www.entrerios.gov.ar\/cultura\/?p=12174"},"modified":"2025-07-04T14:59:14","modified_gmt":"2025-07-04T14:59:14","slug":"presentacion-de-proyectos-expositivos-destinados-a-aura-centro-experimental-de-arte-contemporaneo-aura-aura-ceacer","status":"publish","type":"post","link":"https:\/\/www.entrerios.gov.ar\/cultura\/presentacion-de-proyectos-expositivos-destinados-a-aura-centro-experimental-de-arte-contemporaneo-aura-aura-ceacer\/","title":{"rendered":"Presentaci\u00f3n de Proyectos Expositivos destinados a Aura Centro Experimental de Arte Contempor\u00e1neo: Aura (Aura CEACER)"},"content":{"rendered":"\n<p style=\"font-size:25px\"><strong><mark style=\"background-color:rgba(0, 0, 0, 0)\" class=\"has-inline-color has-black-color\">BASES Y CONDICIONES<\/mark><\/strong><\/p>\n\n\n\n<p><a href=\"https:\/\/docs.google.com\/forms\/d\/17qq6QdAl5wHMet4rw_rrj5XltkPPSvrl-ejDl2I_-jY\/edit\" data-type=\"link\" data-id=\"https:\/\/docs.google.com\/forms\/d\/17qq6QdAl5wHMet4rw_rrj5XltkPPSvrl-ejDl2I_-jY\/edit\">FORMULARIO &#8211; CARGA DE INSCRIPCI\u00d3N<\/a><\/p>\n\n\n\n<p>Presentaci\u00f3n de Proyectos Expositivos destinados a <em><strong>Aura<\/strong><\/em> <strong>Centro Experimental de Arte Contempor\u00e1neo<\/strong> de Entre R\u00edos <\/p>\n\n\n\n<p>Organiza: Secretar\u00eda de Cultura de Entre R\u00edos.<\/p>\n\n\n\n<p>Convocatoria abierta: Desde el 5 de diciembre al 15 de febrero de 2025.<\/p>\n\n\n\n<p><\/p>\n\n\n\n<p><strong>1. Participantes<\/strong><\/p>\n\n\n\n<p>Podr\u00e1n postularse a la presente Convocatoria artistas visuales entrerrianos:<\/p>\n\n\n\n<p>-Categor\u00eda A Artistas visuales individuales<\/p>\n\n\n\n<p>-Categor\u00eda B Colectivo de artistas visuales o Colectivo de artistas visuales y curador\/a.<\/p>\n\n\n\n<p>Todos los postulantes deben ser artistas visuales entrerrianos. En el caso de la Categor\u00eda B el 80% debe ser residente en la provincia. Adem\u00e1s tendr\u00e1n que ser mayores de edad a la fecha de inscripci\u00f3n, argentinos nativos o naturalizados, o extranjeros que acrediten su residencia efectiva mediante la presentaci\u00f3n de Documento Nacional de Identidad u otra documentaci\u00f3n o constancia. En este caso, la presentaci\u00f3n deber\u00e1 realizarse a trav\u00e9s de uno de ellos quien representar\u00e1 al colectivo a los efectos de la coordinaci\u00f3n y comunicaci\u00f3n con la organizaci\u00f3n de la Convocatoria.<\/p>\n\n\n\n<p>No podr\u00e1n participar de la presente Convocatoria quienes trabajen en relaci\u00f3n de dependencia en el \u00e1mbito de la Secretar\u00eda de Cultura de Entre R\u00edos, ni aquellos que tengan relaci\u00f3n de parentesco hasta el 2\u00b0grado de consanguinidad con alguno de los integrantes del Comit\u00e9 Evaluador.<\/p>\n\n\n\n<p><strong>2. Presentaci\u00f3n de proyectos<\/strong><\/p>\n\n\n\n<p>Las modalidades de presentaci\u00f3n son:<\/p>\n\n\n\n<p>a. Proyecto de artista visual individual<\/p>\n\n\n\n<p>b. Proyecto de colectivo de artistas visuales o colectivo de artistas visuales y curador\/a.<\/p>\n\n\n\n<p>Aquellos participantes que no postulen en la modalidad individual, podr\u00e1n participar con hasta dos (2) propuestas grupales, siempre que cada una de ellas est\u00e9 compuesta por diferentes integrantes.<\/p>\n\n\n\n<p><strong>3. Espacio de exhibici\u00f3n<\/strong><\/p>\n\n\n\n<p>Los Proyectos Expositivos seleccionados por el Comit\u00e9 Evaluador se exhibir\u00e1n en el espacio del Centro Experimental de Arte Contempor\u00e1neo <em>Aura<\/em> (Alameda de la Federaci\u00f3n 557) y formar\u00e1n parte de su programaci\u00f3n 2025. Cada proyecto se exhibir\u00e1 por el lapso de sesenta (60) d\u00edas corridos aproximadamente. Vale aclarar que los proyectos seleccionados no se exhibir\u00e1n de manera simult\u00e1nea.<\/p>\n\n\n\n<p><strong>4. Contenido de los Proyectos Expositivos<\/strong><\/p>\n\n\n\n<p>Las propuestas podr\u00e1n realizarse en cualquier disciplina de las artes visuales y deber\u00e1 proponerse al menos 1 (una) instancia de activaci\u00f3n, es decir, propuestas preparadas por los artistas en relaci\u00f3n a sus proyectos seleccionados, que tienen como objetivo generar&nbsp; una vinculaci\u00f3n directa con los diversos p\u00fablicos, con el fin de darle vitalidad a la obra m\u00e1s all\u00e1 del momento de la inauguraci\u00f3n.<\/p>\n\n\n\n<p><strong>5. En todos los casos deber\u00e1n tenerse en cuenta las especificidades del espacio.<\/strong><\/p>\n\n\n\n<p>El Centro Experimental de Arte Contempor\u00e1neo <em>Aura<\/em> funcionar\u00e1 en la Sala Antequeda (Alameda de la Federaci\u00f3n 557), medidas de la sala: 760 m3, 42 m lineales. La Sala de conferencia continuar\u00e1 funcionando como tal, de manera que los proyectos expositivos convivir\u00e1n con las actividades institucionales.<\/p>\n\n\n\n<p>Los proyectos seleccionados podr\u00e1n desarrollarse en cualquiera de las pr\u00e1cticas, t\u00e9cnicas o disciplinas de las artes visuales;&nbsp; podr\u00e1n ser multidisciplinarios; incluir registros y procesos y\/o plantearse como laboratorios de experimentaci\u00f3n.<\/p>\n\n\n\n<p><strong>6. Selecci\u00f3n y Reconocimiento<\/strong><\/p>\n\n\n\n<p>El Comit\u00e9 Evaluador estar\u00e1 conformado por tres integrantes de la Secretar\u00eda de Cultura de Entre R\u00edos y tres integrantes externos a la instituci\u00f3n de reconocida trayectoria en el sector de las artes visuales. El Comit\u00e9 Evaluador seleccionar\u00e1 los proyectos y emitir\u00e1 la correspondiente Acta que ser\u00e1 inapelable, en la que conformar\u00e1n un listado con tres (3) propuestas seleccionadas de cualquier categor\u00eda.<\/p>\n\n\n\n<p>Las propuestas seleccionadas recibir\u00e1n los siguientes reconocimientos, los cuales ser\u00e1n otorgados mediante Contrato de Obra Art\u00edstica, figura prevista en el Decreto N\u00ba 4844\/22 GOB:<\/p>\n\n\n\n<ul class=\"wp-block-list\">\n<li>Categor\u00eda A Artista visual individual $500.000<\/li>\n\n\n\n<li>Categor\u00eda B Colectivo de artistas visuales o Colectivo de artistas visuales y curador $1.000.000<\/li>\n<\/ul>\n\n\n\n<p><strong>7. Requerimiento de los seleccionados<\/strong><\/p>\n\n\n\n<p>Los seleccionados deber\u00e1n contar con Certificado de Inscripci\u00f3n de Ater,&nbsp; Libre de deuda Ater, Inscripci\u00f3n en Afip con c\u00f3digo 900021, DNI frente y dorso, Cbu (otorgado por hombanking). En caso de colectivos de artistas, el representante designado ser\u00e1 el autorizado por el grupo para el cobro al momento de la presentaci\u00f3n del proyecto.<\/p>\n\n\n\n<p><strong>8. Criterio de Selecci\u00f3n<\/strong><\/p>\n\n\n\n<p>No se evaluar\u00e1n proyectos que inviten a la violencia o la discriminaci\u00f3n o que contengan discursos de odio. Se buscar\u00e1 asegurar la paridad de g\u00e9nero e igualdad de representaci\u00f3n tanto en el Comit\u00e9 Evaluador, como en los proyectos seleccionados y los premiados. Quedar\u00e1 asegurada la representaci\u00f3n federal de los proyectos seleccionados y premiados.<\/p>\n\n\n\n<p>Se seleccionar\u00e1n aquellos proyectos que tengan apertura hacia las est\u00e9ticas visuales contempor\u00e1neas que posibiliten el desarrollo de proyectos art\u00edsticos que incluyan tanto el cruce de lenguajes como la investigaci\u00f3n art\u00edstica.<\/p>\n\n\n\n<p>Solo se admitir\u00e1n los proyectos que cumplan con los requisitos generales de la presente Convocatoria.<\/p>\n\n\n\n<p><strong>9. Exhibici\u00f3n<\/strong><\/p>\n\n\n\n<p>Los proyectos seleccionados se exhibir\u00e1n desde el mes de marzo de 2025, de acuerdo a la agenda de programaci\u00f3n. La fecha precisa de apertura de cada una de las muestras, su duraci\u00f3n y su finalizaci\u00f3n ser\u00e1n definidas y comunicadas oportunamente al artista, o representante del colectivo de artistas por la organizaci\u00f3n de la Convocatoria.<\/p>\n\n\n\n<p><em>Aura<\/em> Centro de Arte Contempor\u00e1neo de Entre R\u00edos se localiza en la Sala Manuel Antequeda, ubicado en calle Alameda de la Federaci\u00f3n 557 de Paran\u00e1. En la actualidad es un espacio cultural dependiente de la Secretar\u00eda de Cultura de Entre R\u00edos que se encuentra disponible para actividades oficiales, instituciones intermedias y asociaciones culturales de la ciudadan\u00eda.<\/p>\n\n\n\n<p><strong>10. Condiciones generales<\/strong><\/p>\n\n\n\n<p>La Secretar\u00eda de Cultura de Entre R\u00edos asume las siguientes obligaciones:<\/p>\n\n\n\n<p>&#8211; Acondicionamiento de las salas para el correcto desarrollo de las exposiciones: iluminaci\u00f3n, paneler\u00eda, sonido, con los recursos existentes y\/o con aquellos que sean factible su contrataci\u00f3n.<\/p>\n\n\n\n<p>&#8211; Asistencia y supervisi\u00f3n de montaje<\/p>\n\n\n\n<p>&#8211; Curador\/a<\/p>\n\n\n\n<p>&#8211; Piezas gr\u00e1ficas<\/p>\n\n\n\n<p>&#8211; Prensa y difusi\u00f3n<\/p>\n\n\n\n<p>&#8211; Preservaci\u00f3n de las obras que integren las muestras<\/p>\n\n\n\n<p>El artista o colectivo tendr\u00e1 a su costo y cargo:<\/p>\n\n\n\n<p>&#8211; El embalaje y traslado de la\/s obra\/s<\/p>\n\n\n\n<p>&#8211; La contrataci\u00f3n de seguro de traslado de las obras (no excluyente)<\/p>\n\n\n\n<p>-La provisi\u00f3n de todos los elementos, dispositivos lum\u00ednicos y\/o equipamientos t\u00e9cnicos espec\u00edficos requeridos por el proyecto, seg\u00fan las necesidades particulares del mismo, no pudiendo utilizar materiales que supongan alg\u00fan peligro para las personas o la infraestructura edilicia (inflamables, explosivos, \u00e1cido o productos contaminantes o ilegales).<\/p>\n\n\n\n<p>Se admitir\u00e1n los proyectos que cumplan con los requisitos generales de la presente Convocatoria y las especificidades del espacio de exhibici\u00f3n que se detalla en el punto 5 del presente reglamento.<\/p>\n\n\n\n<p><strong>11. Inscripci\u00f3n<\/strong><\/p>\n\n\n\n<p>La inscripci\u00f3n a la presente Convocatoria implica la aceptaci\u00f3n de las bases y condiciones a la presente convocatoria, se realizar\u00e1 mediante el Formulario en l\u00ednea&nbsp;a trav\u00e9s del cual se solicitar\u00e1 la siguiente informaci\u00f3n:<\/p>\n\n\n\n<p>A. DATOS GENERALES DEL PROYECTO<\/p>\n\n\n\n<p>\u2022 Destino: <em>Aura <\/em>Centro Experimental de Arte Contempor\u00e1neo.<\/p>\n\n\n\n<p>\u2022 Modalidad o tipo de proyecto: de artista visual individual, de colectivo de artistas visuales o colectivo de artistas visuales y curador\/a (selecci\u00f3n de categor\u00eda en la que postula)<\/p>\n\n\n\n<p>\u2022 T\u00edtulo del Proyecto.<\/p>\n\n\n\n<p>\u2022 Datos personales: del artista visual y del representante del colectivo de artistas visuales.<\/p>\n\n\n\n<p>En caso de ser un colectivo, datos de los otros integrantes.<\/p>\n\n\n\n<p>\u2022 Copia del Documento Nacional de Identidad que acredite efectiva residencia, seg\u00fan corresponda:<\/p>\n\n\n\n<p>Artista: apellido y nombre, D.N.I., nacionalidad, fecha de nacimiento, correo electr\u00f3nico y domicilio actual de contacto, ciudad, tel\u00e9fono celular y alternativo, link a web y\/o redes, breve biograf\u00eda (hasta 500 palabras).<\/p>\n\n\n\n<p>Colectivo de artistas: Nombre del colectivo. Datos personales del representante del colectivo (que debe ser integrante del mismo), apellido y nombre, D.N.I., nacionalidad, fecha de nacimiento, correo electr\u00f3nico y domicilio actual de contacto, ciudad, tel\u00e9fono celular y alternativo. Datos personales del resto de los artistas o curador que integra el colectivo: apellido y nombre, edad, D.N.I., nacionalidad, links a web y\/o redes, breve biograf\u00eda del colectivo (hasta 500 palabras).<\/p>\n\n\n\n<p>Curador\/a o representante del colectivo de artistas: apellido y nombre, D.N.I., nacionalidad, fecha de nacimiento, correo electr\u00f3nico y domicilio actual de contacto, ciudad, tel\u00e9fono celular y alternativo. Datos personales de los artistas que integran la propuesta curatorial: apellido y nombre, D.N.I., links a web y\/o redes, breve biograf\u00eda (500 palabras).<\/p>\n\n\n\n<p>B. CONTENIDO DEL PROYECTO:<\/p>\n\n\n\n<p>\u2022 Destino: Centro Experimental de Arte Contempor\u00e1neo <em>Aura<\/em><\/p>\n\n\n\n<p>\u2022 Modalidad o tipo de proyecto: de artista individual, de colectivo de artistas o de colectivo de artistas y curador\/a<\/p>\n\n\n\n<p>\u2022 T\u00edtulo del Proyecto.<\/p>\n\n\n\n<p>\u2022 Datos personales: del artista, del representante del colectivo de artistas. En caso de ser un colectivo, datos de los otros integrantes tambi\u00e9n.<\/p>\n\n\n\n<p>\u2022 Memoria conceptual: que explique los lineamientos conceptuales y formales de la propuesta (m\u00e1ximo 700 palabras)<\/p>\n\n\n\n<p>\u2022 Im\u00e1genes: Hasta 10 de las obras o proyecto expositivo. Incluir planos, croquis, fotomontajes, etc. en formato JPEG o PNG.<\/p>\n\n\n\n<p>\u2022 En el caso de que la propuesta incluya videos, audios y performances se deber\u00e1 presentar link a un sitio web (Youtube, Vimeo u otro) donde poder reproducirlo. Si el link no es de acceso p\u00fablico, se deber\u00e1 indicar la contrase\u00f1a de acceso.<\/p>\n\n\n\n<p>\u2022 Ficha t\u00e9cnica (materiales, soportes y toda otra informaci\u00f3n t\u00e9cnica necesaria para su correcta evaluaci\u00f3n).<\/p>\n\n\n\n<p>\u2022 Activaciones: presentar al menos 1 (una) propuesta de Activaci\u00f3n a realizarse en el transcurso del tiempo de la exposici\u00f3n, se trata de: actividades preparadas por los artistas en relaci\u00f3n a su proyecto, que tienen como objetivo generar instancias de vinculaci\u00f3n directa con los diversos p\u00fablicos, con el fin de darle vitalidad a la obra m\u00e1s all\u00e1 del momento de la inauguraci\u00f3n. La sala de conferencias continuar\u00e1 funcionando como tal, estableciendo en la Convocatoria y programaci\u00f3n las particularidades de convivencia en el espacio.<\/p>\n\n\n\n<p><strong>12. Comit\u00e9 Evaluador<\/strong><\/p>\n\n\n\n<p>Todos los proyectos presentados ser\u00e1n analizados por el Comit\u00e9 Evaluador integrado por 3 (tres) miembros de la Secretar\u00eda de Cultura y 3 (tres) miembros externos. Los miembros externos del Comit\u00e9 ser\u00e1n contratados por la Secretar\u00eda de Cultura, mediante contrato de obra art\u00edstica o contrataci\u00f3n directa seg\u00fan lo que corresponda siempre dentro de la normativa vigente en la materia. Las decisiones tomadas por el Comit\u00e9 ser\u00e1n irrecurribles.<\/p>\n\n\n\n<p><strong>13. Selecci\u00f3n de Proyectos<\/strong><\/p>\n\n\n\n<p>Los artistas visuales y \/o colectivos de artistas visuales entrerrianos responsables de los proyectos seleccionados ser\u00e1n notificados durante la primera quincena del mes de marzo de 2025, mediante las cuentas oficiales de la Secretar\u00eda de Cultura de Entre R\u00edos y correo electr\u00f3nico, seg\u00fan los datos consignados en la inscripci\u00f3n. En esta ocasi\u00f3n se les notificar\u00e1 la fecha de la exhibici\u00f3n y su duraci\u00f3n. El correo electr\u00f3nico constituye domicilio legal para efectuar notificaciones.<\/p>\n\n\n\n<p><strong>14. Propiedad intelectual y difusi\u00f3n<\/strong><\/p>\n\n\n\n<p>Los artistas y\/o colectivo de artistas visuales, seg\u00fan el caso, declaran ser los autores o contar con la correspondiente autorizaci\u00f3n de exhibici\u00f3n del\/los titulares de los derechos de propiedad intelectual sobre las obras incluidas en sus propuestas. El Estado provincial no se responsabiliza en caso de denuncias por plagio. Con el objeto de dar difusi\u00f3n a los proyectos seleccionados, los participantes autorizan expresamente a la Secretar\u00eda de Cultura de Entre R\u00edos a usar y\/o reproducir todo o parte del material e informaci\u00f3n que provean mediante su inscripci\u00f3n y participaci\u00f3n en la presente, as\u00ed como las im\u00e1genes y\/o sonidos y\/o filmaciones que de ellos y de las obras se registren durante las exhibiciones sin ning\u00fan tipo de compensaci\u00f3n, pago y\/o indemnizaci\u00f3n.<\/p>\n\n\n\n<p><strong>15. Sobre la aceptaci\u00f3n de las Condiciones y casos imprevistos<\/strong><\/p>\n\n\n\n<p>La participaci\u00f3n en el proceso de inscripci\u00f3n constituye la comprensi\u00f3n y aceptaci\u00f3n plena de las condiciones mencionadas anteriormente. El Formulario en l\u00ednea que los postulantes deben completar oficia como declaraci\u00f3n jurada. Las fechas podr\u00e1n ser reprogramadas por causas debidamente justificadas.<\/p>\n\n\n\n<p><strong>16. Cronograma de la Convocatoria<\/strong><\/p>\n\n\n\n<p>Apertura de la inscripci\u00f3n: 5 de diciembre de 2024.<\/p>\n\n\n\n<p>Cierre de la inscripci\u00f3n: 15 de febrero de 2024.<\/p>\n\n\n\n<p>Comunicaci\u00f3n de proyectos&nbsp; seleccionados: primera quincena de marzo de 2025.<\/p>\n\n\n\n<p>Exhibici\u00f3n de Proyectos: de marzo a noviembre de 2025. El presente cronograma es tentativo y podr\u00e1 ser modificado a criterio de la organizaci\u00f3n de la Convocatoria, lo cual ser\u00e1 notificado a los participantes.<\/p>\n\n\n\n<p><\/p>\n\n\n\n<p><strong>Informaci\u00f3n de contacto<\/strong><\/p>\n\n\n\n<p>Correo: <a href=\"mailto:ceacaura@gmail.com\">ceacaura@gmail.com<\/a><\/p>\n\n\n\n<p>Tel\u00e9fono: 343-4207828<\/p>\n\n\n\n<p>P\u00e1gina: www.entrerios.gov.ar\/cultura\/<\/p>\n","protected":false},"excerpt":{"rendered":"<p>BASES Y CONDICIONES FORMULARIO &#8211; CARGA DE INSCRIPCI\u00d3N Presentaci\u00f3n de Proyectos Expositivos destinados a Aura Centro Experimental de Arte Contempor\u00e1neo de Entre R\u00edos Organiza: Secretar\u00eda de Cultura de Entre R\u00edos. Convocatoria abierta: Desde el 5 de diciembre al 15 de febrero de 2025. 1. Participantes Podr\u00e1n postularse a la presente Convocatoria artistas visuales entrerrianos: -Categor\u00eda [&hellip;]<\/p>\n","protected":false},"author":5,"featured_media":12173,"comment_status":"open","ping_status":"open","sticky":false,"template":"","format":"standard","meta":{"_et_pb_use_builder":"off","_et_pb_old_content":"","_et_gb_content_width":"","footnotes":""},"categories":[139,58,22],"tags":[],"class_list":["post-12174","post","type-post","status-publish","format-standard","has-post-thumbnail","hentry","category-ceacer-aura","category-concursos-cerrados","category-sala-antequeda"],"_links":{"self":[{"href":"https:\/\/www.entrerios.gov.ar\/cultura\/wp-json\/wp\/v2\/posts\/12174","targetHints":{"allow":["GET"]}}],"collection":[{"href":"https:\/\/www.entrerios.gov.ar\/cultura\/wp-json\/wp\/v2\/posts"}],"about":[{"href":"https:\/\/www.entrerios.gov.ar\/cultura\/wp-json\/wp\/v2\/types\/post"}],"author":[{"embeddable":true,"href":"https:\/\/www.entrerios.gov.ar\/cultura\/wp-json\/wp\/v2\/users\/5"}],"replies":[{"embeddable":true,"href":"https:\/\/www.entrerios.gov.ar\/cultura\/wp-json\/wp\/v2\/comments?post=12174"}],"version-history":[{"count":5,"href":"https:\/\/www.entrerios.gov.ar\/cultura\/wp-json\/wp\/v2\/posts\/12174\/revisions"}],"predecessor-version":[{"id":12221,"href":"https:\/\/www.entrerios.gov.ar\/cultura\/wp-json\/wp\/v2\/posts\/12174\/revisions\/12221"}],"wp:featuredmedia":[{"embeddable":true,"href":"https:\/\/www.entrerios.gov.ar\/cultura\/wp-json\/wp\/v2\/media\/12173"}],"wp:attachment":[{"href":"https:\/\/www.entrerios.gov.ar\/cultura\/wp-json\/wp\/v2\/media?parent=12174"}],"wp:term":[{"taxonomy":"category","embeddable":true,"href":"https:\/\/www.entrerios.gov.ar\/cultura\/wp-json\/wp\/v2\/categories?post=12174"},{"taxonomy":"post_tag","embeddable":true,"href":"https:\/\/www.entrerios.gov.ar\/cultura\/wp-json\/wp\/v2\/tags?post=12174"}],"curies":[{"name":"wp","href":"https:\/\/api.w.org\/{rel}","templated":true}]}}