{"id":12217,"date":"2024-12-08T10:08:00","date_gmt":"2024-12-08T10:08:00","guid":{"rendered":"https:\/\/www.entrerios.gov.ar\/cultura\/?p=12217"},"modified":"2024-12-09T09:47:46","modified_gmt":"2024-12-09T09:47:46","slug":"acciones-del-iaaer-en-pos-de-la-actividades-de-promocion-y-articulacion","status":"publish","type":"post","link":"https:\/\/www.entrerios.gov.ar\/cultura\/acciones-del-iaaer-en-pos-de-la-actividades-de-promocion-y-articulacion\/","title":{"rendered":"Acciones del IAAER en pos de actividades de promoci\u00f3n y articulaci\u00f3n\u00a0"},"content":{"rendered":"\n<p>El Instituto Aut\u00e1rquico Audiovisual de Entre R\u00edos (IAAER), organismo dependiente de la Secretar\u00eda de Cultura provincial, llev\u00f3 a cabo esta semana importantes acciones de gesti\u00f3n.&nbsp;<\/p>\n\n\n\n<h3 class=\"wp-block-heading\">Convenio de colaboraci\u00f3n entre el IAAER y la Secretar\u00eda de Ambiente de Entre R\u00edos<\/h3>\n\n\n\n<p>La colaboraci\u00f3n entre ambas instituciones incrementar\u00e1 las posibilidades y alcances para difundir el patrimonio natural y cultural entrerriano. El documento se rubric\u00f3 este mi\u00e9rcoles 4 de diciembre.&nbsp;&nbsp;<\/p>\n\n\n\n<p>El convenio firmado entre la secretaria de Ambiente Ing. Rosa Mirta Hojman, y el presidente del IAAER Maximiliano Schonfeld permitir\u00e1 que los dos organismos incrementen las posibilidades y alcances para difundir el patrimonio natural y cultural de la provincia de Entre R\u00edos, a partir de la producci\u00f3n de manera colaborativa de materiales audiovisuales, recuperando y recopilando la historia socio-natural de los ecosistemas entrerrianos..<\/p>\n\n\n\n<p>Los organismos se comprometieron a desarrollar en forma conjunta proyectos que tengan por objeto promover, difundir todo tipo de actividad t\u00e9cnica, de investigaci\u00f3n, de educaci\u00f3n, de difusi\u00f3n o de administraci\u00f3n para poner en valor las \u00e1reas protegidas en la provincia de Entre R\u00edos. Promover\u00e1n tambi\u00e9n acciones de investigaci\u00f3n, gesti\u00f3n y&nbsp; producci\u00f3n.<\/p>\n\n\n\n<p><strong>Finaliz\u00f3 con gran convocatoria el ciclo del&nbsp; Cineclub IAAER<\/strong><\/p>\n\n\n\n<p>Con la exhibici\u00f3n de Sue\u00f1os de Hielo (1993), un documental dirigido por el director chileno Ignacio Ag\u00fcero, el espacio quincenal habilitado para cin\u00e9filos en la Sala Rub\u00e9n Noble, dej\u00f3 un balance positivo.<\/p>\n\n\n\n<figure class=\"wp-block-image\"><img loading=\"lazy\" decoding=\"async\" width=\"1600\" height=\"1067\" src=\"https:\/\/www.entrerios.gov.ar\/cultura\/wp-content\/uploads\/2024\/12\/AD_4nXcAH-RLTK4CrgpecnNkpgDE2-Iz38Xp2HZM0xNXK7oisQ8APe_EKXmjWACeGnIIYEhQKtoA8GReCPymgW2vgAow-fSZzLrcWyOHuFnVrMr-KTzv6hav3O-d1eTevLnkJbRhlg1vwQ.jpg\" alt=\"\" class=\"wp-image-12219\" srcset=\"https:\/\/www.entrerios.gov.ar\/cultura\/wp-content\/uploads\/2024\/12\/AD_4nXcAH-RLTK4CrgpecnNkpgDE2-Iz38Xp2HZM0xNXK7oisQ8APe_EKXmjWACeGnIIYEhQKtoA8GReCPymgW2vgAow-fSZzLrcWyOHuFnVrMr-KTzv6hav3O-d1eTevLnkJbRhlg1vwQ.jpg 1600w, https:\/\/www.entrerios.gov.ar\/cultura\/wp-content\/uploads\/2024\/12\/AD_4nXcAH-RLTK4CrgpecnNkpgDE2-Iz38Xp2HZM0xNXK7oisQ8APe_EKXmjWACeGnIIYEhQKtoA8GReCPymgW2vgAow-fSZzLrcWyOHuFnVrMr-KTzv6hav3O-d1eTevLnkJbRhlg1vwQ-1280x854.jpg 1280w, https:\/\/www.entrerios.gov.ar\/cultura\/wp-content\/uploads\/2024\/12\/AD_4nXcAH-RLTK4CrgpecnNkpgDE2-Iz38Xp2HZM0xNXK7oisQ8APe_EKXmjWACeGnIIYEhQKtoA8GReCPymgW2vgAow-fSZzLrcWyOHuFnVrMr-KTzv6hav3O-d1eTevLnkJbRhlg1vwQ-980x654.jpg 980w, https:\/\/www.entrerios.gov.ar\/cultura\/wp-content\/uploads\/2024\/12\/AD_4nXcAH-RLTK4CrgpecnNkpgDE2-Iz38Xp2HZM0xNXK7oisQ8APe_EKXmjWACeGnIIYEhQKtoA8GReCPymgW2vgAow-fSZzLrcWyOHuFnVrMr-KTzv6hav3O-d1eTevLnkJbRhlg1vwQ-480x320.jpg 480w\" sizes=\"auto, (min-width: 0px) and (max-width: 480px) 480px, (min-width: 481px) and (max-width: 980px) 980px, (min-width: 981px) and (max-width: 1280px) 1280px, (min-width: 1281px) 1600px, 100vw\" \/><\/figure>\n\n\n\n<p>La \u00faltima funci\u00f3n de este martes 3 estuvo dentro del ciclo Traves\u00edas F\u00edlmicas. Como invitados especiales se sumaron a la charla luego de la proyecci\u00f3n el periodista y docente Franco Giorda, en car\u00e1cter de coordinador del Cine Club Rel\u00e1mpago Verde, y el Productor General del Festival Internacional de Cine de Entre R\u00edos (FICER 2024), Tom\u00e1s Dotta. Como moderador de la conversaci\u00f3n e interacci\u00f3n con los espectadores estuvo el presidente del IAAER, Maximiliano Schonfeld. No solo esta noche sino en cada encuentro, la participaci\u00f3n de los espectadores en el auditorio Rub\u00e9n Noble, fue la sustancia clave para que las reuniones fueran un \u00e9xito.<\/p>\n\n\n\n<p>El ciclo se desarroll\u00f3 desde el mes de agosto y con periodicidad de 15 d\u00edas. La primera temporada de cuatro proyecciones fue el Ciclo \u201cDi\u00e1logos\u201d, y el segundo es el que termin\u00f3 esta semana con dos funciones m\u00e1s. El hilo conductor siempre fue el g\u00e9nero documental \u2013 testimonial mezclando cine nacional e internacional; y siempre con acceso libre y gratuito.<\/p>\n\n\n\n<p><em>(Prensa IAAER)<\/em><\/p>\n\n\n\n<h3 class=\"wp-block-heading\">&nbsp;<\/h3>\n","protected":false},"excerpt":{"rendered":"<p>El Instituto Aut\u00e1rquico Audiovisual de Entre R\u00edos (IAAER), organismo dependiente de la Secretar\u00eda de Cultura provincial, llev\u00f3 a cabo esta semana importantes acciones de gesti\u00f3n.&nbsp; Convenio de colaboraci\u00f3n entre el IAAER y la Secretar\u00eda de Ambiente de Entre R\u00edos La colaboraci\u00f3n entre ambas instituciones incrementar\u00e1 las posibilidades y alcances para difundir el patrimonio natural y [&hellip;]<\/p>\n","protected":false},"author":5,"featured_media":12218,"comment_status":"open","ping_status":"open","sticky":false,"template":"","format":"standard","meta":{"_et_pb_use_builder":"off","_et_pb_old_content":"","_et_gb_content_width":"","footnotes":""},"categories":[28,4],"tags":[],"class_list":["post-12217","post","type-post","status-publish","format-standard","has-post-thumbnail","hentry","category-noticias","category-iaaer"],"_links":{"self":[{"href":"https:\/\/www.entrerios.gov.ar\/cultura\/wp-json\/wp\/v2\/posts\/12217","targetHints":{"allow":["GET"]}}],"collection":[{"href":"https:\/\/www.entrerios.gov.ar\/cultura\/wp-json\/wp\/v2\/posts"}],"about":[{"href":"https:\/\/www.entrerios.gov.ar\/cultura\/wp-json\/wp\/v2\/types\/post"}],"author":[{"embeddable":true,"href":"https:\/\/www.entrerios.gov.ar\/cultura\/wp-json\/wp\/v2\/users\/5"}],"replies":[{"embeddable":true,"href":"https:\/\/www.entrerios.gov.ar\/cultura\/wp-json\/wp\/v2\/comments?post=12217"}],"version-history":[{"count":2,"href":"https:\/\/www.entrerios.gov.ar\/cultura\/wp-json\/wp\/v2\/posts\/12217\/revisions"}],"predecessor-version":[{"id":12239,"href":"https:\/\/www.entrerios.gov.ar\/cultura\/wp-json\/wp\/v2\/posts\/12217\/revisions\/12239"}],"wp:featuredmedia":[{"embeddable":true,"href":"https:\/\/www.entrerios.gov.ar\/cultura\/wp-json\/wp\/v2\/media\/12218"}],"wp:attachment":[{"href":"https:\/\/www.entrerios.gov.ar\/cultura\/wp-json\/wp\/v2\/media?parent=12217"}],"wp:term":[{"taxonomy":"category","embeddable":true,"href":"https:\/\/www.entrerios.gov.ar\/cultura\/wp-json\/wp\/v2\/categories?post=12217"},{"taxonomy":"post_tag","embeddable":true,"href":"https:\/\/www.entrerios.gov.ar\/cultura\/wp-json\/wp\/v2\/tags?post=12217"}],"curies":[{"name":"wp","href":"https:\/\/api.w.org\/{rel}","templated":true}]}}