{"id":12423,"date":"2025-01-26T11:36:09","date_gmt":"2025-01-26T11:36:09","guid":{"rendered":"https:\/\/www.entrerios.gov.ar\/cultura\/?p=12423"},"modified":"2025-01-24T11:40:38","modified_gmt":"2025-01-24T11:40:38","slug":"magica-libros-en-la-playa-una-iniciativa-que-fomenta-la-lectura-durante-el-verano","status":"publish","type":"post","link":"https:\/\/www.entrerios.gov.ar\/cultura\/magica-libros-en-la-playa-una-iniciativa-que-fomenta-la-lectura-durante-el-verano\/","title":{"rendered":"M\u00e1gica libros en la playa, una iniciativa que fomenta la lectura durante el verano"},"content":{"rendered":"\n<p>La Secretar\u00eda de Cultura, dependiente del Ministerio de Gobierno y Trabajo de Entre R\u00edos impulsa una nueva propuesta para incentivar la lectura y visibilizar la tarea de autores, autoras y editoriales de la provincia. La entrada ser\u00e1 libre y gratuita en diferentes balnearios de la costa del Uruguay.<\/p>\n\n\n\n<p>Cinco ciudades de la costa del Uruguay se preparan para recibir a <strong><em>M\u00e1gica libros en la playa<\/em><\/strong><strong>.<\/strong> Las jornadas se realizar\u00e1n los viernes y s\u00e1bados comenzando el 31 de enero y 1 de febrero en el Balneario Playa Punta Norte de Col\u00f3n. Seguidamente se extender\u00e1 los siguientes fines de semana en Concordia, Federaci\u00f3n, Gualeguaych\u00fa y Concepci\u00f3n del Uruguay.\u00a0<\/p>\n\n\n\n<p>La programaci\u00f3n contempla la instalaci\u00f3n de una carpa biblioteca con ejemplares disponibles para retirar, leer y devolver. Tambi\u00e9n se dispondr\u00e1 del Bibliom\u00f3vil con juegos y lecturas para las infancias, motorizados por mediadores culturales. Por la tarde, se instalar\u00e1 una feria de libros con editoriales y libreros. Para el cierre de las jornadas se anuncian espect\u00e1culos teatrales.&nbsp;<\/p>\n\n\n\n<p>De la iniciativa participar\u00e1n las siguientes editoriales: Canto Rodado (Gualeguaych\u00fa); &nbsp; EDUNER; El Mi\u00e9rcoles (C. del Uruguay); Palo Santo (Gualeguaych\u00fa); Neutrinos (Rosario); UADER; Autores de Concordia; El Equipo Azul (Paran\u00e1); La Hendija (Paran\u00e1); Azogue Libros (Paran\u00e1); Editorial Municipal (Paran\u00e1); Vanadis (Paran\u00e1); Abrazo Ediciones (Paran\u00e1); Oye Nd\u00e9n (Gualeguaych\u00fa);&nbsp; Relieves (Col\u00f3n);&nbsp; Ana Editorial (Paran\u00e1); EDER (Editorial de Entre R\u00edos); La Ventana (Paran\u00e1).&nbsp; Tambi\u00e9n ser\u00e1 parte de la propuesta la Biblioteca Popular Rodolfo Garc\u00eda de Gualeguaych\u00fa.<\/p>\n\n\n\n<p><strong>Cronograma de M\u00e1gica en Col\u00f3n | Viernes 31 de enero y 1 de Febrero<\/strong><\/p>\n\n\n\n<p>10hs Carpa. Bienvenida Bibliotecas Populares<\/p>\n\n\n\n<p>16hs Bibliom\u00f3vil<\/p>\n\n\n\n<p>18hs Feria Librera&nbsp;<\/p>\n\n\n\n<p>21hs Cierre art\u00edstico con la obra teatral &#8220;El coraz\u00f3n del actor&#8221;. Act\u00faa Tovio Velozo. Producci\u00f3n: Grupo Teatro del Bardo.<\/p>\n","protected":false},"excerpt":{"rendered":"<p>La Secretar\u00eda de Cultura, dependiente del Ministerio de Gobierno y Trabajo de Entre R\u00edos impulsa una nueva propuesta para incentivar la lectura y visibilizar la tarea de autores, autoras y editoriales de la provincia. La entrada ser\u00e1 libre y gratuita en diferentes balnearios de la costa del Uruguay. Cinco ciudades de la costa del Uruguay [&hellip;]<\/p>\n","protected":false},"author":5,"featured_media":12397,"comment_status":"open","ping_status":"open","sticky":false,"template":"","format":"standard","meta":{"_et_pb_use_builder":"off","_et_pb_old_content":"","_et_gb_content_width":"","footnotes":""},"categories":[1,28],"tags":[],"class_list":["post-12423","post","type-post","status-publish","format-standard","has-post-thumbnail","hentry","category-destacado","category-noticias"],"_links":{"self":[{"href":"https:\/\/www.entrerios.gov.ar\/cultura\/wp-json\/wp\/v2\/posts\/12423","targetHints":{"allow":["GET"]}}],"collection":[{"href":"https:\/\/www.entrerios.gov.ar\/cultura\/wp-json\/wp\/v2\/posts"}],"about":[{"href":"https:\/\/www.entrerios.gov.ar\/cultura\/wp-json\/wp\/v2\/types\/post"}],"author":[{"embeddable":true,"href":"https:\/\/www.entrerios.gov.ar\/cultura\/wp-json\/wp\/v2\/users\/5"}],"replies":[{"embeddable":true,"href":"https:\/\/www.entrerios.gov.ar\/cultura\/wp-json\/wp\/v2\/comments?post=12423"}],"version-history":[{"count":2,"href":"https:\/\/www.entrerios.gov.ar\/cultura\/wp-json\/wp\/v2\/posts\/12423\/revisions"}],"predecessor-version":[{"id":12426,"href":"https:\/\/www.entrerios.gov.ar\/cultura\/wp-json\/wp\/v2\/posts\/12423\/revisions\/12426"}],"wp:featuredmedia":[{"embeddable":true,"href":"https:\/\/www.entrerios.gov.ar\/cultura\/wp-json\/wp\/v2\/media\/12397"}],"wp:attachment":[{"href":"https:\/\/www.entrerios.gov.ar\/cultura\/wp-json\/wp\/v2\/media?parent=12423"}],"wp:term":[{"taxonomy":"category","embeddable":true,"href":"https:\/\/www.entrerios.gov.ar\/cultura\/wp-json\/wp\/v2\/categories?post=12423"},{"taxonomy":"post_tag","embeddable":true,"href":"https:\/\/www.entrerios.gov.ar\/cultura\/wp-json\/wp\/v2\/tags?post=12423"}],"curies":[{"name":"wp","href":"https:\/\/api.w.org\/{rel}","templated":true}]}}