{"id":12453,"date":"2025-02-01T15:49:13","date_gmt":"2025-02-01T15:49:13","guid":{"rendered":"https:\/\/www.entrerios.gov.ar\/cultura\/?p=12453"},"modified":"2025-02-01T16:08:26","modified_gmt":"2025-02-01T16:08:26","slug":"el-amor-el-desamor-y-la-traicion-seran-los-topicos-del-proximo-cuac","status":"publish","type":"post","link":"https:\/\/www.entrerios.gov.ar\/cultura\/el-amor-el-desamor-y-la-traicion-seran-los-topicos-del-proximo-cuac\/","title":{"rendered":"El amor, el desamor y la traici\u00f3n ser\u00e1n los t\u00f3picos del pr\u00f3ximo CUAC!"},"content":{"rendered":"\n<p>Con la conducci\u00f3n de Lalo Mir, la presencia de la actriz y conductora Edith Hermida, y numerosos invitados se prepara la nueva edici\u00f3n de CUAC! Cultura Activa. Ser\u00e1 el mi\u00e9rcoles 5 de febrero a las 21, con entrada libre y gratuita.\u00a0<\/p>\n\n\n\n<p>El Centro Cultural La Vieja Usina dependiente de la Secretar\u00eda de Cultura, dispondr\u00e1 nuevamente sus instalaciones para recibir a Lalo Mir est\u00e1 vez acompa\u00f1ado por la actriz y conductora Edith Hermida; el Tr\u00edo Boler\u00edstico Genial -integrado por Juan Kohner, Andr\u00e9s Main, e Ivan Ledesma-; el payador Juan Cruz Merlo; el rap de la mano de ASH; la psic\u00f3loga gest\u00e1ltica Silvana Musso; y la astr\u00f3loga D\u00e9bora Grand, entre otros.&nbsp;<\/p>\n\n\n\n<p>El nuevo episodio revivir\u00e1 la experiencia de los dos espect\u00e1culos anteriores y tratar\u00e1 sobre el amor, el desamor y la traici\u00f3n. Con est\u00e9tica de streaming y con la camarader\u00eda de una pe\u00f1a, los protagonistas invitan a ser parte y vivir una verdadera fiesta de m\u00fasica y palabras.&nbsp;<\/p>\n\n\n\n<p>CUAC! est\u00e1 destinado a todo p\u00fablico y ofrece tambi\u00e9n gastronom\u00eda regional para compartir y disfrutar de una noche de verano al aire libre.&nbsp;<\/p>\n\n\n\n<p>El primer episodio de CUAC! ya se encuentra alojado en el canal de YouTube de la Secretar\u00eda de Cultura ingresando en el siguiente <a href=\"https:\/\/www.youtube.com\/watch?v=FyXbgDyQfwU&#038;t=3s\">ENLACE<\/a><\/p>\n\n\n\n<figure class=\"wp-block-embed is-type-video is-provider-youtube wp-block-embed-youtube wp-embed-aspect-16-9 wp-has-aspect-ratio\"><div class=\"wp-block-embed__wrapper\">\n<iframe loading=\"lazy\" title=\"CUAC! Episodio 1\" width=\"1080\" height=\"608\" src=\"https:\/\/www.youtube.com\/embed\/FyXbgDyQfwU?start=3&#038;feature=oembed\"  allow=\"accelerometer; autoplay; clipboard-write; encrypted-media; gyroscope; picture-in-picture; web-share\" referrerpolicy=\"strict-origin-when-cross-origin\" allowfullscreen><\/iframe>\n<\/div><\/figure>\n","protected":false},"excerpt":{"rendered":"<p>Con la conducci\u00f3n de Lalo Mir, la presencia de la actriz y conductora Edith Hermida, y numerosos invitados se prepara la nueva edici\u00f3n de CUAC! Cultura Activa. Ser\u00e1 el mi\u00e9rcoles 5 de febrero a las 21, con entrada libre y gratuita.\u00a0 El Centro Cultural La Vieja Usina dependiente de la Secretar\u00eda de Cultura, dispondr\u00e1 nuevamente [&hellip;]<\/p>\n","protected":false},"author":5,"featured_media":12456,"comment_status":"open","ping_status":"open","sticky":false,"template":"","format":"standard","meta":{"_et_pb_use_builder":"off","_et_pb_old_content":"","_et_gb_content_width":"","footnotes":""},"categories":[1,28,18],"tags":[],"class_list":["post-12453","post","type-post","status-publish","format-standard","has-post-thumbnail","hentry","category-destacado","category-noticias","category-centro-cultural-la-vieja-usina"],"_links":{"self":[{"href":"https:\/\/www.entrerios.gov.ar\/cultura\/wp-json\/wp\/v2\/posts\/12453","targetHints":{"allow":["GET"]}}],"collection":[{"href":"https:\/\/www.entrerios.gov.ar\/cultura\/wp-json\/wp\/v2\/posts"}],"about":[{"href":"https:\/\/www.entrerios.gov.ar\/cultura\/wp-json\/wp\/v2\/types\/post"}],"author":[{"embeddable":true,"href":"https:\/\/www.entrerios.gov.ar\/cultura\/wp-json\/wp\/v2\/users\/5"}],"replies":[{"embeddable":true,"href":"https:\/\/www.entrerios.gov.ar\/cultura\/wp-json\/wp\/v2\/comments?post=12453"}],"version-history":[{"count":3,"href":"https:\/\/www.entrerios.gov.ar\/cultura\/wp-json\/wp\/v2\/posts\/12453\/revisions"}],"predecessor-version":[{"id":12458,"href":"https:\/\/www.entrerios.gov.ar\/cultura\/wp-json\/wp\/v2\/posts\/12453\/revisions\/12458"}],"wp:featuredmedia":[{"embeddable":true,"href":"https:\/\/www.entrerios.gov.ar\/cultura\/wp-json\/wp\/v2\/media\/12456"}],"wp:attachment":[{"href":"https:\/\/www.entrerios.gov.ar\/cultura\/wp-json\/wp\/v2\/media?parent=12453"}],"wp:term":[{"taxonomy":"category","embeddable":true,"href":"https:\/\/www.entrerios.gov.ar\/cultura\/wp-json\/wp\/v2\/categories?post=12453"},{"taxonomy":"post_tag","embeddable":true,"href":"https:\/\/www.entrerios.gov.ar\/cultura\/wp-json\/wp\/v2\/tags?post=12453"}],"curies":[{"name":"wp","href":"https:\/\/api.w.org\/{rel}","templated":true}]}}