{"id":1254,"date":"2021-06-03T18:47:49","date_gmt":"2021-06-03T18:47:49","guid":{"rendered":"https:\/\/www.entrerios.gov.ar\/cultura\/?p=1254"},"modified":"2021-07-11T19:21:14","modified_gmt":"2021-07-11T19:21:14","slug":"lanzan-nueva-edicion-digital-bajo-el-sello-bellas-ediciones-del-museo-provincial-de-bellas-artes","status":"publish","type":"post","link":"https:\/\/www.entrerios.gov.ar\/cultura\/lanzan-nueva-edicion-digital-bajo-el-sello-bellas-ediciones-del-museo-provincial-de-bellas-artes\/","title":{"rendered":"Lanzan nueva edici\u00f3n digital bajo el sello Bellas Ediciones del Museo Provincial de Bellas Artes"},"content":{"rendered":"[et_pb_section admin_label=&#8221;section&#8221;]\n\t\t\t[et_pb_row admin_label=&#8221;row&#8221;]\n\t\t\t\t[et_pb_column type=&#8221;4_4&#8243;][et_pb_text admin_label=&#8221;Text&#8221;]\n<p>El trabajo editorial del sello Bellas Ediciones, correspondiente a la muestra Patrimonio Humedal. De la representaci\u00f3n del paisaje al compromiso con el ambiente, presentada recientemente por el Museo Provincial de Bellas Artes, tendr\u00e1 una nueva edici\u00f3n digital.<\/p>\n\n\n\n<p>El nuevo trabajo editorial del sello Bellas Ediciones, lanzado el a\u00f1o pasado por la instituci\u00f3n, puede consultarse desde la p\u00e1gina web de la Secretar\u00eda de cultura y desde las redes sociales del Museo de manera libre y gratuita.<\/p>\n\n\n\n<p>La edici\u00f3n re\u00fane im\u00e1genes digitales en alta definici\u00f3n de los trece dibujos, grabados, esculturas y pinturas de la colecci\u00f3n patrimonial del museo especialmente seleccionados para la exhibici\u00f3n. Tal como en la muestra (la que podr\u00e1 volver a ser visitada de manera presencial cuando las condiciones sanitarias lo permitan) la publicaci\u00f3n presenta informaci\u00f3n cient\u00edfica y datos estad\u00edsticos puestos en di\u00e1logo con textos de destacados referentes del arte y el activismo ambiental como Diana Campos, Jorge Taverna Irigoyen y Luis &#8220;Cosita&#8221; Romero.<\/p>\n\n\n\n<p>Sobre la muestra y su cat\u00e1logo, Marcela Canalis, directora del Museo, expres\u00f3: &#8220;Este contexto que impide el normal desarrollo de las actividades presenciales nos impulsa a seguir proponiendo nuevas formas de relacionarnos con el p\u00fablico para la difusi\u00f3n de nuestro patrimonio. En este caso, poner a disposici\u00f3n este trabajo digital a trav\u00e9s de nuestro sello editorial Bellas Ediciones nos permite invitar a reflexionar colectiva y cr\u00edticamente sobre la idea de \u201cpaisaje representado\u201d -presente a lo largo de la historia del arte en todas las civilizaciones- a trav\u00e9s de este breve recorte curatorial sobre piezas patrimoniales producidas durante el Siglo XX al ponerlas en contraste y tensi\u00f3n con la actual situaci\u00f3n de profunda vulnerabilidad que atraviesa nuestro entorno natural\/cultural del que somos responsables como sociedad. En este sentido, &#8220;Patrimonio Humedal&#8221; intenta ser una aporte activo desde la instituci\u00f3n muse\u00edstica p\u00fablica en ese proceso de toma de conciencia y sensibilizaci\u00f3n individual y comunitaria&#8221;.<\/p>\n\n\n\n<p>El trabajo puede consultarse de manera gratuita en el link&nbsp;<a href=\"https:\/\/www.yumpu.com\/es\/document\/view\/65686518\/patrimonio-humedal\" target=\"_blank\" rel=\"noreferrer noopener\">https:\/\/www.yumpu.com\/es\/document\/view\/65686518\/patrimonio-humedal<\/a>&nbsp;\u00f3 en la p\u00e1gina cultura.entrerios.gov.ar<\/p>\n\n\n\n<p>(Prensa Museo Provincial de Bellas Artes Dr. Pedro E. Mart\u00ednez)<\/p>\n[\/et_pb_text][\/et_pb_column]\n\t\t\t[\/et_pb_row]\n\t\t[\/et_pb_section]","protected":false},"excerpt":{"rendered":"<p>El trabajo editorial del sello Bellas Ediciones, correspondiente a la muestra Patrimonio Humedal. De la representaci\u00f3n del paisaje al compromiso con el ambiente, presentada recientemente por el Museo Provincial de Bellas Artes, tendr\u00e1 una nueva edici\u00f3n digital. El nuevo trabajo editorial del sello Bellas Ediciones, lanzado el a\u00f1o pasado por la instituci\u00f3n, puede consultarse desde [&hellip;]<\/p>\n","protected":false},"author":2,"featured_media":1256,"comment_status":"open","ping_status":"open","sticky":false,"template":"","format":"standard","meta":{"_et_pb_use_builder":"on","_et_pb_old_content":"<!-- wp:paragraph -->\n<p>El trabajo editorial del sello Bellas Ediciones, correspondiente a la muestra Patrimonio Humedal. De la representaci\u00f3n del paisaje al compromiso con el ambiente, presentada recientemente por el Museo Provincial de Bellas Artes, tendr\u00e1 una nueva edici\u00f3n digital.<\/p>\n<!-- \/wp:paragraph -->\n\n<!-- wp:paragraph -->\n<p>El nuevo trabajo editorial del sello Bellas Ediciones, lanzado el a\u00f1o pasado por la instituci\u00f3n, puede consultarse desde la p\u00e1gina web de la Secretar\u00eda de cultura y desde las redes sociales del Museo de manera libre y gratuita.<\/p>\n<!-- \/wp:paragraph -->\n\n<!-- wp:paragraph -->\n<p>La edici\u00f3n re\u00fane im\u00e1genes digitales en alta definici\u00f3n de los trece dibujos, grabados, esculturas y pinturas de la colecci\u00f3n patrimonial del museo especialmente seleccionados para la exhibici\u00f3n. Tal como en la muestra (la que podr\u00e1 volver a ser visitada de manera presencial cuando las condiciones sanitarias lo permitan) la publicaci\u00f3n presenta informaci\u00f3n cient\u00edfica y datos estad\u00edsticos puestos en di\u00e1logo con textos de destacados referentes del arte y el activismo ambiental como Diana Campos, Jorge Taverna Irigoyen y Luis \"Cosita\" Romero.<\/p>\n<!-- \/wp:paragraph -->\n\n<!-- wp:paragraph -->\n<p>Sobre la muestra y su cat\u00e1logo, Marcela Canalis, directora del Museo, expres\u00f3: \"Este contexto que impide el normal desarrollo de las actividades presenciales nos impulsa a seguir proponiendo nuevas formas de relacionarnos con el p\u00fablico para la difusi\u00f3n de nuestro patrimonio. En este caso, poner a disposici\u00f3n este trabajo digital a trav\u00e9s de nuestro sello editorial Bellas Ediciones nos permite invitar a reflexionar colectiva y cr\u00edticamente sobre la idea de \u201cpaisaje representado\u201d -presente a lo largo de la historia del arte en todas las civilizaciones- a trav\u00e9s de este breve recorte curatorial sobre piezas patrimoniales producidas durante el Siglo XX al ponerlas en contraste y tensi\u00f3n con la actual situaci\u00f3n de profunda vulnerabilidad que atraviesa nuestro entorno natural\/cultural del que somos responsables como sociedad. En este sentido, \"Patrimonio Humedal\" intenta ser una aporte activo desde la instituci\u00f3n muse\u00edstica p\u00fablica en ese proceso de toma de conciencia y sensibilizaci\u00f3n individual y comunitaria\".<\/p>\n<!-- \/wp:paragraph -->\n\n<!-- wp:paragraph -->\n<p>El trabajo puede consultarse de manera gratuita en el link&nbsp;<a href=\"https:\/\/www.yumpu.com\/es\/document\/view\/65686518\/patrimonio-humedal\" target=\"_blank\" rel=\"noreferrer noopener\">https:\/\/www.yumpu.com\/es\/document\/view\/65686518\/patrimonio-humedal<\/a>&nbsp;\u00f3 en la p\u00e1gina cultura.entrerios.gov.ar<\/p>\n<!-- \/wp:paragraph -->\n\n<!-- wp:paragraph -->\n<p>(Prensa Museo Provincial de Bellas Artes Dr. Pedro E. Mart\u00ednez)<\/p>\n<!-- \/wp:paragraph -->","_et_gb_content_width":"","footnotes":""},"categories":[28,9],"tags":[66,67],"class_list":["post-1254","post","type-post","status-publish","format-standard","has-post-thumbnail","hentry","category-noticias","category-museo-bellas-artes","tag-arte","tag-bellas"],"_links":{"self":[{"href":"https:\/\/www.entrerios.gov.ar\/cultura\/wp-json\/wp\/v2\/posts\/1254","targetHints":{"allow":["GET"]}}],"collection":[{"href":"https:\/\/www.entrerios.gov.ar\/cultura\/wp-json\/wp\/v2\/posts"}],"about":[{"href":"https:\/\/www.entrerios.gov.ar\/cultura\/wp-json\/wp\/v2\/types\/post"}],"author":[{"embeddable":true,"href":"https:\/\/www.entrerios.gov.ar\/cultura\/wp-json\/wp\/v2\/users\/2"}],"replies":[{"embeddable":true,"href":"https:\/\/www.entrerios.gov.ar\/cultura\/wp-json\/wp\/v2\/comments?post=1254"}],"version-history":[{"count":2,"href":"https:\/\/www.entrerios.gov.ar\/cultura\/wp-json\/wp\/v2\/posts\/1254\/revisions"}],"predecessor-version":[{"id":1319,"href":"https:\/\/www.entrerios.gov.ar\/cultura\/wp-json\/wp\/v2\/posts\/1254\/revisions\/1319"}],"wp:featuredmedia":[{"embeddable":true,"href":"https:\/\/www.entrerios.gov.ar\/cultura\/wp-json\/wp\/v2\/media\/1256"}],"wp:attachment":[{"href":"https:\/\/www.entrerios.gov.ar\/cultura\/wp-json\/wp\/v2\/media?parent=1254"}],"wp:term":[{"taxonomy":"category","embeddable":true,"href":"https:\/\/www.entrerios.gov.ar\/cultura\/wp-json\/wp\/v2\/categories?post=1254"},{"taxonomy":"post_tag","embeddable":true,"href":"https:\/\/www.entrerios.gov.ar\/cultura\/wp-json\/wp\/v2\/tags?post=1254"}],"curies":[{"name":"wp","href":"https:\/\/api.w.org\/{rel}","templated":true}]}}