{"id":12552,"date":"2025-02-12T12:52:44","date_gmt":"2025-02-12T12:52:44","guid":{"rendered":"https:\/\/www.entrerios.gov.ar\/cultura\/?p=12552"},"modified":"2025-07-04T14:58:46","modified_gmt":"2025-07-04T14:58:46","slug":"se-extendera-el-plazo-de-la-convocatoria-aura","status":"publish","type":"post","link":"https:\/\/www.entrerios.gov.ar\/cultura\/se-extendera-el-plazo-de-la-convocatoria-aura\/","title":{"rendered":"Se extender\u00e1 el plazo de la Convocatoria AURA"},"content":{"rendered":"\n<p>La Secretar\u00eda de Cultura de Entre R\u00edos informa a la comunidad que se estableci\u00f3 una pr\u00f3rroga para presentar proyectos art\u00edsticos expositivos para el Centro Experimental de Arte Contempor\u00e1neo AURA<em>.<\/em> Se recibir\u00e1n postulaciones hasta el 22 de febrero inclusive.&nbsp;<\/p>\n\n\n\n<p>Se confirm\u00f3 desde la Secretar\u00eda de Cultura que los artistas entrerrianos tendr\u00e1n el plazo de una semana m\u00e1s para postular sus proyectos en AURA. Las presentaciones se hacen efectivas a trav\u00e9s de una convocatoria abierta y la carga del formulario en l\u00ednea. Se recibir\u00e1n proyectos hasta el 22 de febrero de 2025, inclusive.&nbsp;<\/p>\n\n\n\n<p>Los ejes tem\u00e1ticos, caracter\u00edsticas del espacio, recursos disponibles y condiciones generales pueden consultarse en las <a href=\"https:\/\/www.entrerios.gov.ar\/cultura\/presentacion-de-proyectos-expositivos-destinados-a-aura-centro-experimental-de-arte-contemporaneo-aura-aura-ceacer\/\">BASES Y CONDICIONES<\/a>, donde encontrar\u00e1n alojado tambi\u00e9n el formulario de carga de postulaci\u00f3n. Cabe destacar tambi\u00e9n que los proyectos deber\u00e1n presentar activaciones en el transcurso de la exposici\u00f3n.<\/p>\n\n\n\n<p>Se pueden postular proyectos expositivos que incluyan las pr\u00e1cticas del sector de las artes visuales, integrando nuevos lenguajes (videoarte, textil, performance, instalaci\u00f3n, arte digital) con las disciplinas tradicionales (pintura, cer\u00e1mica, dibujo, escultura, grabado, etc). Adem\u00e1s los proyectos podr\u00e1n presentar vinculaciones con otros campos art\u00edsticos (m\u00fasica, danza, teatro, etc). Los proyectos pueden ser de car\u00e1cter multidisciplinario y se podr\u00e1n plantear como laboratorios de experimentaci\u00f3n.<\/p>\n\n\n\n<p>El Centro Experimental de Arte Contempor\u00e1neo Aura fue creado a partir de un programa especial de la Secretar\u00eda de Cultura de la Provincia, aprobado por resoluci\u00f3n 338\/24. Se propone como un espacio de innovaci\u00f3n y desarrollo art\u00edstico que tendr\u00e1 como misi\u00f3n impulsar las pr\u00e1cticas del sector de las artes visuales contempor\u00e1neas entrerrianas y desarrollar pol\u00edticas de mediaci\u00f3n con la comunidad, integrando nuevos lenguajes.&nbsp;<\/p>\n\n\n\n<p><strong>M\u00e1s informaci\u00f3n<\/strong><\/p>\n\n\n\n<p>Correo: <a href=\"mailto:ceacaura@gmail.com\">ceacaura@gmail.com<\/a><\/p>\n\n\n\n<p>Tel\u00e9fono: 343-4207828<\/p>\n\n\n\n<p>P\u00e1gina: <a href=\"http:\/\/www.entrerios.gov.ar\/cultura\/\">www.entrerios.gov.ar\/cultura\/<\/a><\/p>\n","protected":false},"excerpt":{"rendered":"<p>La Secretar\u00eda de Cultura de Entre R\u00edos informa a la comunidad que se estableci\u00f3 una pr\u00f3rroga para presentar proyectos art\u00edsticos expositivos para el Centro Experimental de Arte Contempor\u00e1neo AURA. Se recibir\u00e1n postulaciones hasta el 22 de febrero inclusive.&nbsp; Se confirm\u00f3 desde la Secretar\u00eda de Cultura que los artistas entrerrianos tendr\u00e1n el plazo de una semana [&hellip;]<\/p>\n","protected":false},"author":5,"featured_media":12553,"comment_status":"open","ping_status":"open","sticky":false,"template":"","format":"standard","meta":{"_et_pb_use_builder":"off","_et_pb_old_content":"","_et_gb_content_width":"","footnotes":""},"categories":[1,28,139,58,22],"tags":[],"class_list":["post-12552","post","type-post","status-publish","format-standard","has-post-thumbnail","hentry","category-destacado","category-noticias","category-ceacer-aura","category-concursos-cerrados","category-sala-antequeda"],"_links":{"self":[{"href":"https:\/\/www.entrerios.gov.ar\/cultura\/wp-json\/wp\/v2\/posts\/12552","targetHints":{"allow":["GET"]}}],"collection":[{"href":"https:\/\/www.entrerios.gov.ar\/cultura\/wp-json\/wp\/v2\/posts"}],"about":[{"href":"https:\/\/www.entrerios.gov.ar\/cultura\/wp-json\/wp\/v2\/types\/post"}],"author":[{"embeddable":true,"href":"https:\/\/www.entrerios.gov.ar\/cultura\/wp-json\/wp\/v2\/users\/5"}],"replies":[{"embeddable":true,"href":"https:\/\/www.entrerios.gov.ar\/cultura\/wp-json\/wp\/v2\/comments?post=12552"}],"version-history":[{"count":1,"href":"https:\/\/www.entrerios.gov.ar\/cultura\/wp-json\/wp\/v2\/posts\/12552\/revisions"}],"predecessor-version":[{"id":12554,"href":"https:\/\/www.entrerios.gov.ar\/cultura\/wp-json\/wp\/v2\/posts\/12552\/revisions\/12554"}],"wp:featuredmedia":[{"embeddable":true,"href":"https:\/\/www.entrerios.gov.ar\/cultura\/wp-json\/wp\/v2\/media\/12553"}],"wp:attachment":[{"href":"https:\/\/www.entrerios.gov.ar\/cultura\/wp-json\/wp\/v2\/media?parent=12552"}],"wp:term":[{"taxonomy":"category","embeddable":true,"href":"https:\/\/www.entrerios.gov.ar\/cultura\/wp-json\/wp\/v2\/categories?post=12552"},{"taxonomy":"post_tag","embeddable":true,"href":"https:\/\/www.entrerios.gov.ar\/cultura\/wp-json\/wp\/v2\/tags?post=12552"}],"curies":[{"name":"wp","href":"https:\/\/api.w.org\/{rel}","templated":true}]}}