{"id":12802,"date":"2025-03-01T15:57:00","date_gmt":"2025-03-01T15:57:00","guid":{"rendered":"https:\/\/www.entrerios.gov.ar\/cultura\/?p=12802"},"modified":"2025-02-28T13:58:47","modified_gmt":"2025-02-28T13:58:47","slug":"culmino-el-taller-de-nuevas-formas-audiovisuales-en-el-iaaer","status":"publish","type":"post","link":"https:\/\/www.entrerios.gov.ar\/cultura\/culmino-el-taller-de-nuevas-formas-audiovisuales-en-el-iaaer\/","title":{"rendered":"Culmin\u00f3 el taller de nuevas formas audiovisuales en el IAAER"},"content":{"rendered":"\n<p>La actividad fue coordinada por Milton Secchi Naput, y con el cupo completo se desarroll\u00f3 durante cuatro jueves consecutivos. Estuvo organizado por el Instituto Aut\u00e1rquico Audiovisual de Entre R\u00edos (IAAER), organismo de la Secretar\u00eda de Cultura, dependiente del Ministerio de Gobierno y Trabajo de Entre R\u00edos.<\/p>\n\n\n\n<p>Este \u00faltimo jueves, la jornada de cierre fue la oportunidad de ver todas las producciones que concretaron los participantes, que proven\u00edan de distintos \u00e1mbitos art\u00edsticos y educativos.<\/p>\n\n\n\n<p>\u201cEste taller se plante\u00f3 como una forma de explorar nuevos contenidos y obras de distintos lugares del mundo, para pensar los diferentes lenguajes audiovisuales y formatos y expresar ideas o proyectos, y conectarlos con el cine\u201d, explic\u00f3&nbsp; Secchi Naput.<\/p>\n\n\n\n<p>Milton Secchi Naput naci\u00f3 en Santa Fe, en 2009 finaliz\u00f3 sus estudios en la Escuela Nacional de Experimentaci\u00f3n y Realizaci\u00f3n Cinematogr\u00e1fica (ENERC). Produjo y dirigi\u00f3 varios cortometrajes y un largometraje que han competido y sido exhibidos en diferentes espacios como BAFICI, FIDBA, Festifreak, Curtacinema Rio de Janeiro, San Francisco Cinematheque, entre otros. Ha recibido becas y participado de residencias en CIA (Centro de Investigaciones Art\u00edsticas), BIM (Bienal de Imagen Movimiento), Fondo Nacional de las Artes, Talents Buenos Aires, Curadora, Bienal de Arte Joven de Buenos Aires 2017, Collaborative Studio en UnionDocs, Nueva York, entre otras.<\/p>\n\n\n\n<p>\u201cLa modalidad consisti\u00f3 en que cada jueves se realizaban ejercicios pr\u00e1cticos que permit\u00edan poner en movimiento estas experiencias, enlazando la mirada propia con po\u00e9ticas singulares, entendiendo la experimentaci\u00f3n como un espacio abierto al asombro, la deriva y la creaci\u00f3n colectiva\u201d, explic\u00f3 el productor y director de cine.<\/p>\n\n\n\n<p>(Prensa IAAER)<\/p>\n","protected":false},"excerpt":{"rendered":"<p>La actividad fue coordinada por Milton Secchi Naput, y con el cupo completo se desarroll\u00f3 durante cuatro jueves consecutivos. Estuvo organizado por el Instituto Aut\u00e1rquico Audiovisual de Entre R\u00edos (IAAER), organismo de la Secretar\u00eda de Cultura, dependiente del Ministerio de Gobierno y Trabajo de Entre R\u00edos. Este \u00faltimo jueves, la jornada de cierre fue la [&hellip;]<\/p>\n","protected":false},"author":5,"featured_media":12803,"comment_status":"open","ping_status":"open","sticky":false,"template":"","format":"standard","meta":{"_et_pb_use_builder":"off","_et_pb_old_content":"","_et_gb_content_width":"","footnotes":""},"categories":[1,28,4],"tags":[],"class_list":["post-12802","post","type-post","status-publish","format-standard","has-post-thumbnail","hentry","category-destacado","category-noticias","category-iaaer"],"_links":{"self":[{"href":"https:\/\/www.entrerios.gov.ar\/cultura\/wp-json\/wp\/v2\/posts\/12802","targetHints":{"allow":["GET"]}}],"collection":[{"href":"https:\/\/www.entrerios.gov.ar\/cultura\/wp-json\/wp\/v2\/posts"}],"about":[{"href":"https:\/\/www.entrerios.gov.ar\/cultura\/wp-json\/wp\/v2\/types\/post"}],"author":[{"embeddable":true,"href":"https:\/\/www.entrerios.gov.ar\/cultura\/wp-json\/wp\/v2\/users\/5"}],"replies":[{"embeddable":true,"href":"https:\/\/www.entrerios.gov.ar\/cultura\/wp-json\/wp\/v2\/comments?post=12802"}],"version-history":[{"count":1,"href":"https:\/\/www.entrerios.gov.ar\/cultura\/wp-json\/wp\/v2\/posts\/12802\/revisions"}],"predecessor-version":[{"id":12804,"href":"https:\/\/www.entrerios.gov.ar\/cultura\/wp-json\/wp\/v2\/posts\/12802\/revisions\/12804"}],"wp:featuredmedia":[{"embeddable":true,"href":"https:\/\/www.entrerios.gov.ar\/cultura\/wp-json\/wp\/v2\/media\/12803"}],"wp:attachment":[{"href":"https:\/\/www.entrerios.gov.ar\/cultura\/wp-json\/wp\/v2\/media?parent=12802"}],"wp:term":[{"taxonomy":"category","embeddable":true,"href":"https:\/\/www.entrerios.gov.ar\/cultura\/wp-json\/wp\/v2\/categories?post=12802"},{"taxonomy":"post_tag","embeddable":true,"href":"https:\/\/www.entrerios.gov.ar\/cultura\/wp-json\/wp\/v2\/tags?post=12802"}],"curies":[{"name":"wp","href":"https:\/\/api.w.org\/{rel}","templated":true}]}}