{"id":12825,"date":"2025-03-06T15:25:10","date_gmt":"2025-03-06T15:25:10","guid":{"rendered":"https:\/\/www.entrerios.gov.ar\/cultura\/?p=12825"},"modified":"2025-03-06T15:26:16","modified_gmt":"2025-03-06T15:26:16","slug":"este-domingo-habra-programa-doble-en-la-vieja-usina","status":"publish","type":"post","link":"https:\/\/www.entrerios.gov.ar\/cultura\/este-domingo-habra-programa-doble-en-la-vieja-usina\/","title":{"rendered":"Este domingo habr\u00e1 Programa Doble en La Vieja Usina"},"content":{"rendered":"\n<p>El 9 de marzo retoman las actividades de <em>Programa Doble<\/em> en el centro cultural dependiente de la Secretar\u00eda de Cultura de Entre R\u00edos. Participar\u00e1n las narradoras Silvina Su\u00e1rez y Mar\u00eda Elena Lothringer; y el elenco de la obra <em>Artigas, el otro<\/em>. Las propuestas se realizar\u00e1n con entrada gratuita a partir de las 20.<br><br>A las 20 del domingo, <em>Cuentos en el patio<\/em> presentar\u00e1 a las narradoras Silvina Su\u00e1rez y Mar\u00eda Elena Lothringer. El objetivo del ciclo es ofrecer historias para compartir y disfrutar de relatos que ampl\u00edan el imaginario, e invitan descubrir modos de pensar nuevos mundos. <br><br><em>Un domingo de teatro<\/em>, ofrecer\u00e1 en esta oportunidad la comedia hist\u00f3rica <em>Artigas, el otro<\/em>, a partir de las 21. Se trata de una producci\u00f3n general del Grupo Teatro del Bardo (Paran\u00e1), en la que act\u00faan Andres Main y Juan Kohner; y cuenta con la direcci\u00f3n de Gabriela Trevisani.<\/p>\n\n\n\n<figure class=\"wp-block-image size-large\"><img loading=\"lazy\" decoding=\"async\" width=\"1024\" height=\"683\" src=\"https:\/\/www.entrerios.gov.ar\/cultura\/wp-content\/uploads\/2021\/08\/Artigas-El-Otro-1024x683.jpg\" alt=\"\" class=\"wp-image-12823\" srcset=\"https:\/\/www.entrerios.gov.ar\/cultura\/wp-content\/uploads\/2021\/08\/Artigas-El-Otro-980x653.jpg 980w, https:\/\/www.entrerios.gov.ar\/cultura\/wp-content\/uploads\/2021\/08\/Artigas-El-Otro-480x320.jpg 480w\" sizes=\"auto, (min-width: 0px) and (max-width: 480px) 480px, (min-width: 481px) and (max-width: 980px) 980px, (min-width: 981px) 1024px, 100vw\" \/><\/figure>\n\n\n\n<p>\u201cEntran dos blandengues con la urna de los restos de Artigas. Esperan. Su \u00fanica tarea es trasladar y cuidar la urna y los restos hasta que llega el profesor de historia que dar\u00e1 la charla; pero cansados de hacer siempre la antesala, Francisco y Gervasio, los guardias, comienzan t\u00edmidamente a dar su propia clase. En medio de la apasionada charla, un accidente provoca la transformaci\u00f3n del espacio en un campo de batalla\u201d, expresa el grupo en la sinopsis de la puesta esc\u00e9nica.<br><br>La obra tiene una duraci\u00f3n de 50 minutos y est\u00e1 dirigida a todo p\u00fablico. <br><br>Es de inter\u00e9s destacar que <em>Artigas, el otro<\/em>, fue la obra elegida para la Fiesta Nacional de Teatro, en el marco de la Fiesta Provincial de Teatro Entre R\u00edos 2024. <br><br>La Vieja Usina est\u00e1 ubicada en calle Gregoria Matorras de San Mart\u00edn 861, Paran\u00e1. <\/p>\n\n\n\n<p><\/p>\n","protected":false},"excerpt":{"rendered":"<p>El 9 de marzo retoman las actividades de Programa Doble en el centro cultural dependiente de la Secretar\u00eda de Cultura de Entre R\u00edos. Participar\u00e1n las narradoras Silvina Su\u00e1rez y Mar\u00eda Elena Lothringer; y el elenco de la obra Artigas, el otro. Las propuestas se realizar\u00e1n con entrada gratuita a partir de las 20. A las [&hellip;]<\/p>\n","protected":false},"author":5,"featured_media":12824,"comment_status":"open","ping_status":"open","sticky":false,"template":"","format":"standard","meta":{"_et_pb_use_builder":"","_et_pb_old_content":"","_et_gb_content_width":"","footnotes":""},"categories":[1,28,18],"tags":[],"class_list":["post-12825","post","type-post","status-publish","format-standard","has-post-thumbnail","hentry","category-destacado","category-noticias","category-centro-cultural-la-vieja-usina"],"_links":{"self":[{"href":"https:\/\/www.entrerios.gov.ar\/cultura\/wp-json\/wp\/v2\/posts\/12825","targetHints":{"allow":["GET"]}}],"collection":[{"href":"https:\/\/www.entrerios.gov.ar\/cultura\/wp-json\/wp\/v2\/posts"}],"about":[{"href":"https:\/\/www.entrerios.gov.ar\/cultura\/wp-json\/wp\/v2\/types\/post"}],"author":[{"embeddable":true,"href":"https:\/\/www.entrerios.gov.ar\/cultura\/wp-json\/wp\/v2\/users\/5"}],"replies":[{"embeddable":true,"href":"https:\/\/www.entrerios.gov.ar\/cultura\/wp-json\/wp\/v2\/comments?post=12825"}],"version-history":[{"count":1,"href":"https:\/\/www.entrerios.gov.ar\/cultura\/wp-json\/wp\/v2\/posts\/12825\/revisions"}],"predecessor-version":[{"id":12826,"href":"https:\/\/www.entrerios.gov.ar\/cultura\/wp-json\/wp\/v2\/posts\/12825\/revisions\/12826"}],"wp:featuredmedia":[{"embeddable":true,"href":"https:\/\/www.entrerios.gov.ar\/cultura\/wp-json\/wp\/v2\/media\/12824"}],"wp:attachment":[{"href":"https:\/\/www.entrerios.gov.ar\/cultura\/wp-json\/wp\/v2\/media?parent=12825"}],"wp:term":[{"taxonomy":"category","embeddable":true,"href":"https:\/\/www.entrerios.gov.ar\/cultura\/wp-json\/wp\/v2\/categories?post=12825"},{"taxonomy":"post_tag","embeddable":true,"href":"https:\/\/www.entrerios.gov.ar\/cultura\/wp-json\/wp\/v2\/tags?post=12825"}],"curies":[{"name":"wp","href":"https:\/\/api.w.org\/{rel}","templated":true}]}}