{"id":12832,"date":"2025-03-08T07:36:00","date_gmt":"2025-03-08T07:36:00","guid":{"rendered":"https:\/\/www.entrerios.gov.ar\/cultura\/?p=12832"},"modified":"2025-03-07T14:32:17","modified_gmt":"2025-03-07T14:32:17","slug":"se-presenta-la-exposicion-la-mitad-del-mundo-en-el-museo-casa-de-gobierno","status":"publish","type":"post","link":"https:\/\/www.entrerios.gov.ar\/cultura\/se-presenta-la-exposicion-la-mitad-del-mundo-en-el-museo-casa-de-gobierno\/","title":{"rendered":"Se presenta la exposici\u00f3n \u201cLa Mitad del Mundo\u201d en el Museo Casa de Gobierno"},"content":{"rendered":"\n<p>En el marco del D\u00eda Internacional de la Mujer, el pr\u00f3ximo lunes 10 de marzo a las 10:30, se llevar\u00e1 a cabo la inauguraci\u00f3n de esta muestra gr\u00e1fica que rinde homenaje a las mujeres pioneras en la ciencia.<\/p>\n\n\n\n<p>El Museo Casa de Gobierno, organismo dependiente de la Secretar\u00eda de Cultura de Entre R\u00edos, ubicado en M\u00e9xico esquina C\u00f3rdoba de Paran\u00e1, es el lugar en donde se exhibir\u00e1 la muestra que resalta la contribuci\u00f3n de las mujeres en la investigaci\u00f3n cient\u00edfica y su impacto en la sociedad.<\/p>\n\n\n\n<p>Esta exposici\u00f3n es el resultado de un trabajo conjunto entre el Museo Provincial de Ciencias Naturales y Antropol\u00f3gicas Antonio Serrano, dependiente de la Secretar\u00eda de Cultura de Entre R\u00edos, y&nbsp; la Facultad de Ciencia y Tecnolog\u00eda de la Universidad Aut\u00f3noma de Entre R\u00edos (Uader).<\/p>\n\n\n\n<p>La muestra se denomina \u201cLa mitad del mundo. Homenaje a las mujeres pioneras en la ciencia\u201d, y destaca la importancia de mujeres, que a pesar de los obst\u00e1culos y prejuicios de la \u00e9poca, lograron sobresalir en campos como la medicina, la qu\u00edmica, la biolog\u00eda, entre otros,&nbsp; tanto en Argentina, como en Entre R\u00edos y el mundo. Se podr\u00e1 visitar hasta el lunes 31 de marzo en el Museo Casa de Gobierno, de lunes a viernes de 7 a 14, con entrada libre y gratuita.&nbsp;<\/p>\n\n\n\n<p>La exposici\u00f3n es un homenaje tambi\u00e9n a todas aquellas mujeres que hoy en d\u00eda contin\u00faan luchando por la igualdad de g\u00e9nero en el \u00e1mbito cient\u00edfico.&nbsp;<\/p>\n\n\n\n<p><strong>Homenaje<\/strong><\/p>\n\n\n\n<p>En esta oportunidad, la Secretar\u00eda de Cultura de la&nbsp; Provincia, ha decidido homenajear a la Dra. Regina Gurovich, M\u00e9dica y Doctora en Medicina.&nbsp;<\/p>\n\n\n\n<p>La Dra. Gurovich fue la primera m\u00e9dica mujer de la ciudad y el Hospital San Antonio de Gualeguay durante varias d\u00e9cadas.&nbsp;<\/p>\n\n\n\n<p>Su contribuci\u00f3n a la ciencia fue de gran relevancia en materia de infectolog\u00eda e inmunolog\u00eda. Siendo adem\u00e1s la primera mujer en ocupar un cargo de jerarqu\u00eda dentro del Hospital San Antonio, llegando a la direcci\u00f3n del Servicio de Cl\u00ednica M\u00e9dica.&nbsp;<\/p>\n\n\n\n<p>Es propicio destacar, que durante muchos a\u00f1os, fue la \u00fanica Doctora en Medicina de la ciudad, entre sus pares m\u00e9dicos.&nbsp;<\/p>\n\n\n\n<p>De su profesi\u00f3n hizo un apostolado de vida. Es recordada por su calidad humana. Form\u00f3 un hogar digno, inculcando el amor por la profesi\u00f3n que comparti\u00f3 tambi\u00e9n con su esposo.&nbsp;<\/p>\n\n\n\n<p>Actualmente, su hijo Mauricio Besimsky es Director del Hospital San Antonio de Gualeguay, donde sus padres desarrollaron a lo largo de sus vidas, la profesi\u00f3n de m\u00e9dicos.<\/p>\n\n\n\n<p><em>(Prensa Museo Casa de Gobierno)<\/em><\/p>\n","protected":false},"excerpt":{"rendered":"<p>En el marco del D\u00eda Internacional de la Mujer, el pr\u00f3ximo lunes 10 de marzo a las 10:30, se llevar\u00e1 a cabo la inauguraci\u00f3n de esta muestra gr\u00e1fica que rinde homenaje a las mujeres pioneras en la ciencia. El Museo Casa de Gobierno, organismo dependiente de la Secretar\u00eda de Cultura de Entre R\u00edos, ubicado en [&hellip;]<\/p>\n","protected":false},"author":5,"featured_media":12833,"comment_status":"open","ping_status":"open","sticky":false,"template":"","format":"standard","meta":{"_et_pb_use_builder":"off","_et_pb_old_content":"","_et_gb_content_width":"","footnotes":""},"categories":[1,28,11],"tags":[],"class_list":["post-12832","post","type-post","status-publish","format-standard","has-post-thumbnail","hentry","category-destacado","category-noticias","category-museo-casa-de-gobierno"],"_links":{"self":[{"href":"https:\/\/www.entrerios.gov.ar\/cultura\/wp-json\/wp\/v2\/posts\/12832","targetHints":{"allow":["GET"]}}],"collection":[{"href":"https:\/\/www.entrerios.gov.ar\/cultura\/wp-json\/wp\/v2\/posts"}],"about":[{"href":"https:\/\/www.entrerios.gov.ar\/cultura\/wp-json\/wp\/v2\/types\/post"}],"author":[{"embeddable":true,"href":"https:\/\/www.entrerios.gov.ar\/cultura\/wp-json\/wp\/v2\/users\/5"}],"replies":[{"embeddable":true,"href":"https:\/\/www.entrerios.gov.ar\/cultura\/wp-json\/wp\/v2\/comments?post=12832"}],"version-history":[{"count":1,"href":"https:\/\/www.entrerios.gov.ar\/cultura\/wp-json\/wp\/v2\/posts\/12832\/revisions"}],"predecessor-version":[{"id":12834,"href":"https:\/\/www.entrerios.gov.ar\/cultura\/wp-json\/wp\/v2\/posts\/12832\/revisions\/12834"}],"wp:featuredmedia":[{"embeddable":true,"href":"https:\/\/www.entrerios.gov.ar\/cultura\/wp-json\/wp\/v2\/media\/12833"}],"wp:attachment":[{"href":"https:\/\/www.entrerios.gov.ar\/cultura\/wp-json\/wp\/v2\/media?parent=12832"}],"wp:term":[{"taxonomy":"category","embeddable":true,"href":"https:\/\/www.entrerios.gov.ar\/cultura\/wp-json\/wp\/v2\/categories?post=12832"},{"taxonomy":"post_tag","embeddable":true,"href":"https:\/\/www.entrerios.gov.ar\/cultura\/wp-json\/wp\/v2\/tags?post=12832"}],"curies":[{"name":"wp","href":"https:\/\/api.w.org\/{rel}","templated":true}]}}