{"id":12858,"date":"2025-03-10T16:31:02","date_gmt":"2025-03-10T16:31:02","guid":{"rendered":"https:\/\/www.entrerios.gov.ar\/cultura\/?p=12858"},"modified":"2025-03-11T22:09:45","modified_gmt":"2025-03-11T22:09:45","slug":"comienza-el-ciclo-fogon-entrerriano-impulsado-por-la-secretaria-de-cultura-de-la-provincia","status":"publish","type":"post","link":"https:\/\/www.entrerios.gov.ar\/cultura\/comienza-el-ciclo-fogon-entrerriano-impulsado-por-la-secretaria-de-cultura-de-la-provincia\/","title":{"rendered":"Comienza el ciclo Fog\u00f3n Entrerriano impulsado por la Secretar\u00eda de Cultura de la provincia"},"content":{"rendered":"\n<p>La primera fecha ser\u00e1 este viernes 14 de marzo desde las 19 con feria y a las 21 con m\u00fasica en vivo, en la Casa de la Cultura (9 de Julio y Carb\u00f3, Paran\u00e1). La entrada es libre y gratuita. Se presentar\u00e1n el D\u00fao Celia y Mario y el D\u00fao Andariego.&nbsp;<\/p>\n\n\n\n<p>En la jornada de este viernes tambi\u00e9n habr\u00e1 servicio de cantina a beneficio de centros culturales independientes y la participaci\u00f3n de artesanos y emprendedores.\u00a0<\/p>\n\n\n\n<p>El D\u00fao Celia y Mario, integrado por Celia Taffarel y Mario Escobar, cuenta con una extensa trayectoria desde 1988. Han actuado en los escenarios m\u00e1s destacados de la provincia y el pa\u00eds y recibieron galardones de jerarqu\u00eda por su m\u00fasica y la calidad de su interpretaci\u00f3n. La actual formaci\u00f3n est\u00e1 compuesta por: Celia Taffarel en voz y guitarra; Mario Escobar en voz, guitarra y arreglos; Alejo Escobar Taffarel en primera guitarra, bajo y charango; y en esta oportunidad actuar\u00e1 como invitada la acordeonista Mariela Campod\u00f3nico, quien cuenta con una vasta trayectoria dentro y fuera del pa\u00eds.&nbsp;<\/p>\n\n\n\n<p>El D\u00fao Andariego naci\u00f3 en 2016. Interpreta el cancionero Folkl\u00f3rico Argentino y la M\u00fasica del Litoral. Participaron en el certamen de nuevos valores de Cosqu\u00edn y en 2021 fueron solistas con la Misa Criolla en los festejos de los 100 a\u00f1os del nacimiento de Ariel Ram\u00edrez en la ciudad de Santa Fe. Tambi\u00e9n estuvieron en el escenario de la Fiesta Nacional del Mate. Integran el D\u00fao Andariego: Emiliano Bar\u00f3n, Jes\u00fas Galiussi, Gast\u00f3n Wagner y Alexis Ball.&nbsp;<\/p>\n\n\n\n<p><strong>Sobre el ciclo<\/strong><\/p>\n\n\n\n<p>Fog\u00f3n Entrerriano es parte de un grupo de ciclos impulsados por la Secretar\u00eda de Cultura de Entre R\u00edos que tienen como objetivo la creaci\u00f3n de circuitos art\u00edsticos en los que artistas de diversas disciplinas (m\u00fasica, teatro, narradores orales) puedan circular por distintas localidades de la provincia.&nbsp;<\/p>\n\n\n\n<p>Se busca fomentar la circulaci\u00f3n federal, ampliar los p\u00fablicos de las localidades participantes y ofrecer a los artistas un mayor espacio de intercambio, profesionalizaci\u00f3n y visibilidad, contribuyendo a la integraci\u00f3n cultural y el desarrollo de nuevas audiencias.<\/p>\n","protected":false},"excerpt":{"rendered":"<p>La primera fecha ser\u00e1 este viernes 14 de marzo desde las 19 con feria y a las 21 con m\u00fasica en vivo, en la Casa de la Cultura (9 de Julio y Carb\u00f3, Paran\u00e1). La entrada es libre y gratuita. Se presentar\u00e1n el D\u00fao Celia y Mario y el D\u00fao Andariego.&nbsp; En la jornada de [&hellip;]<\/p>\n","protected":false},"author":5,"featured_media":12859,"comment_status":"open","ping_status":"open","sticky":false,"template":"","format":"standard","meta":{"_et_pb_use_builder":"off","_et_pb_old_content":"","_et_gb_content_width":"","footnotes":""},"categories":[1,28,19],"tags":[],"class_list":["post-12858","post","type-post","status-publish","format-standard","has-post-thumbnail","hentry","category-destacado","category-noticias","category-casa-de-la-cultura-de-er"],"_links":{"self":[{"href":"https:\/\/www.entrerios.gov.ar\/cultura\/wp-json\/wp\/v2\/posts\/12858","targetHints":{"allow":["GET"]}}],"collection":[{"href":"https:\/\/www.entrerios.gov.ar\/cultura\/wp-json\/wp\/v2\/posts"}],"about":[{"href":"https:\/\/www.entrerios.gov.ar\/cultura\/wp-json\/wp\/v2\/types\/post"}],"author":[{"embeddable":true,"href":"https:\/\/www.entrerios.gov.ar\/cultura\/wp-json\/wp\/v2\/users\/5"}],"replies":[{"embeddable":true,"href":"https:\/\/www.entrerios.gov.ar\/cultura\/wp-json\/wp\/v2\/comments?post=12858"}],"version-history":[{"count":2,"href":"https:\/\/www.entrerios.gov.ar\/cultura\/wp-json\/wp\/v2\/posts\/12858\/revisions"}],"predecessor-version":[{"id":12876,"href":"https:\/\/www.entrerios.gov.ar\/cultura\/wp-json\/wp\/v2\/posts\/12858\/revisions\/12876"}],"wp:featuredmedia":[{"embeddable":true,"href":"https:\/\/www.entrerios.gov.ar\/cultura\/wp-json\/wp\/v2\/media\/12859"}],"wp:attachment":[{"href":"https:\/\/www.entrerios.gov.ar\/cultura\/wp-json\/wp\/v2\/media?parent=12858"}],"wp:term":[{"taxonomy":"category","embeddable":true,"href":"https:\/\/www.entrerios.gov.ar\/cultura\/wp-json\/wp\/v2\/categories?post=12858"},{"taxonomy":"post_tag","embeddable":true,"href":"https:\/\/www.entrerios.gov.ar\/cultura\/wp-json\/wp\/v2\/tags?post=12858"}],"curies":[{"name":"wp","href":"https:\/\/api.w.org\/{rel}","templated":true}]}}