{"id":12869,"date":"2025-03-11T13:21:02","date_gmt":"2025-03-11T13:21:02","guid":{"rendered":"https:\/\/www.entrerios.gov.ar\/cultura\/?p=12869"},"modified":"2025-03-11T13:21:04","modified_gmt":"2025-03-11T13:21:04","slug":"se-inauguro-la-exposicion-la-mitad-del-mundo-en-el-museo-casa-de-gobierno","status":"publish","type":"post","link":"https:\/\/www.entrerios.gov.ar\/cultura\/se-inauguro-la-exposicion-la-mitad-del-mundo-en-el-museo-casa-de-gobierno\/","title":{"rendered":"Se inaugur\u00f3 la exposici\u00f3n La Mitad del Mundo en el Museo Casa de\u00a0Gobierno"},"content":{"rendered":"\n<p>En el marco del D\u00eda Internacional de la Mujer, este lunes se present\u00f3 una muestra gr\u00e1fica&nbsp;que rinde homenaje a las mujeres pioneras en la ciencia. Adem\u00e1s, se realiz\u00f3&nbsp;un homenaje a la Dra. Regina Gurovich, primera m\u00e9dica mujer del Hospital San&nbsp;Antonio de Gualeguay.<\/p>\n\n\n\n<p>Para conmemorar y reflexionar sobre el 8 de marzo, se inaugur\u00f3 la exposici\u00f3n&nbsp;denominada \u201cLa mitad del mundo. Homenaje a las mujeres pioneras en la ciencia\u201d,&nbsp;un trabajo en conjunto entre el Museo de Ciencias Naturales y Antropol\u00f3gicas \u201cProf.&nbsp;Antonio Serrano\u201d y la Facultad de Ciencia y Tecnolog\u00eda de la UADER. En esta&nbsp;edici\u00f3n, se sumar\u00e1 la actividad el Museo Provincial de la Imagen, que llevar\u00e1 a&nbsp;cabo durante este a\u00f1o la itinerancia federal de la exposici\u00f3n por todo el territorio&nbsp;provincial, y el Museo Casa de Gobierno, que invita en el transcurso del mes de&nbsp;marzo a reflexionar sobre el rol de la mujer en la ciencia a lo largo de la historia.<\/p>\n\n\n\n<p>Durante el encuentro estuvieron presentes Manuel Arlettaz, Jefe de Gabinete de la&nbsp;Secretar\u00eda de Cultura; Juan Carlos Filipuzzi, decano de la FCYT de la UADER;&nbsp;Carlos Iriarte, Director General de Museos y Patrimonio; Natalia Prado, Directora de&nbsp;Programas Culturales; entre otras autoridades. Adem\u00e1s, en el homenaje y el&nbsp;descubrimiento&nbsp;del nuevo panel de la Dra. Regina Gurovich, estuvieron presentes&nbsp;familiares de la m\u00e9dica de Gualeguay.<\/p>\n\n\n\n<p>La muestra destaca la importancia de mujeres, que a pesar de los obst\u00e1culos y&nbsp;prejuicios de la \u00e9poca, lograron sobresalir en campos como la medicina, la qu\u00edmica,&nbsp;la biolog\u00eda, entre otros, tanto en Argentina, como en Entre R\u00edos y el mundo. Se&nbsp;podr\u00e1 apreciar hasta el lunes 31 de marzo en el Museo Casa de&nbsp;Gobierno, ubicado en M\u00e9xico esquina C\u00f3rdoba de la ciudad de Paran\u00e1, de lunes a&nbsp;viernes&nbsp;de 7 a 14, con entrada libre y gratuita.<\/p>\n\n\n\n<p>La exposici\u00f3n es un homenaje tambi\u00e9n a todas aquellas mujeres que hoy en d\u00eda&nbsp;contin\u00faan luchando por la igualdad de g\u00e9nero en el \u00e1mbito cient\u00edfico.<\/p>\n\n\n\n<figure class=\"wp-block-image size-large\"><img loading=\"lazy\" decoding=\"async\" width=\"1024\" height=\"683\" src=\"https:\/\/www.entrerios.gov.ar\/cultura\/wp-content\/uploads\/2025\/03\/DSC_5865-1024x683.jpg\" alt=\"\" class=\"wp-image-12871\" srcset=\"https:\/\/www.entrerios.gov.ar\/cultura\/wp-content\/uploads\/2025\/03\/DSC_5865-980x653.jpg 980w, https:\/\/www.entrerios.gov.ar\/cultura\/wp-content\/uploads\/2025\/03\/DSC_5865-480x320.jpg 480w\" sizes=\"auto, (min-width: 0px) and (max-width: 480px) 480px, (min-width: 481px) and (max-width: 980px) 980px, (min-width: 981px) 1024px, 100vw\" \/><\/figure>\n\n\n\n<p><strong>Homenaje y descubrimiento de un nuevo panel<\/strong><\/p>\n\n\n\n<p>Durante el encuentro, la Secretar\u00eda de Cultura de Entre R\u00edos, le realiz\u00f3 un\u00a0homenaje a la Dra. Regina Gurovich (1934-2016), M\u00e9dica y Doctora en Medicina,\u00a0quien fue la primera m\u00e9dica mujer de la ciudad y el Hospital San Antonio de\u00a0Gualeguay durante varias d\u00e9cadas. Su contribuci\u00f3n a la ciencia fue de gran\u00a0relevancia en materia de infectolog\u00eda e inmunolog\u00eda. Siendo adem\u00e1s la primera\u00a0mujer en ocupar un cargo de jerarqu\u00eda dentro de los hospitales p\u00fablicos de la\u00a0provincia y del propio Hospital San Antonio de Gualeguay, llegando a la direcci\u00f3n\u00a0del Servicio de Cl\u00ednica M\u00e9dica.\u00a0Es propicio destacar que durante muchos a\u00f1os fue la \u00fanica Doctora en Medicina\u00a0de la ciudad, entre sus pares m\u00e9dicos. De su profesi\u00f3n hizo un apostolado de vida.\u00a0Es recordada por su calidad humana. Form\u00f3 un hogar digno, inculcando el amor\u00a0por la profesi\u00f3n que comparti\u00f3 tambi\u00e9n con su esposo.\u00a0Actualmente, su hijo Mauricio Besimsky es Director del Hospital San Antonio de\u00a0Gualeguay, donde sus padres desarrollaron a lo largo de sus vidas, la profesi\u00f3n de\u00a0m\u00e9dicos.-<\/p>\n","protected":false},"excerpt":{"rendered":"<p>En el marco del D\u00eda Internacional de la Mujer, este lunes se present\u00f3 una muestra gr\u00e1fica&nbsp;que rinde homenaje a las mujeres pioneras en la ciencia. Adem\u00e1s, se realiz\u00f3&nbsp;un homenaje a la Dra. Regina Gurovich, primera m\u00e9dica mujer del Hospital San&nbsp;Antonio de Gualeguay. Para conmemorar y reflexionar sobre el 8 de marzo, se inaugur\u00f3 la exposici\u00f3n&nbsp;denominada [&hellip;]<\/p>\n","protected":false},"author":5,"featured_media":12870,"comment_status":"open","ping_status":"open","sticky":false,"template":"","format":"standard","meta":{"_et_pb_use_builder":"off","_et_pb_old_content":"","_et_gb_content_width":"","footnotes":""},"categories":[1,28,11],"tags":[],"class_list":["post-12869","post","type-post","status-publish","format-standard","has-post-thumbnail","hentry","category-destacado","category-noticias","category-museo-casa-de-gobierno"],"_links":{"self":[{"href":"https:\/\/www.entrerios.gov.ar\/cultura\/wp-json\/wp\/v2\/posts\/12869","targetHints":{"allow":["GET"]}}],"collection":[{"href":"https:\/\/www.entrerios.gov.ar\/cultura\/wp-json\/wp\/v2\/posts"}],"about":[{"href":"https:\/\/www.entrerios.gov.ar\/cultura\/wp-json\/wp\/v2\/types\/post"}],"author":[{"embeddable":true,"href":"https:\/\/www.entrerios.gov.ar\/cultura\/wp-json\/wp\/v2\/users\/5"}],"replies":[{"embeddable":true,"href":"https:\/\/www.entrerios.gov.ar\/cultura\/wp-json\/wp\/v2\/comments?post=12869"}],"version-history":[{"count":1,"href":"https:\/\/www.entrerios.gov.ar\/cultura\/wp-json\/wp\/v2\/posts\/12869\/revisions"}],"predecessor-version":[{"id":12872,"href":"https:\/\/www.entrerios.gov.ar\/cultura\/wp-json\/wp\/v2\/posts\/12869\/revisions\/12872"}],"wp:featuredmedia":[{"embeddable":true,"href":"https:\/\/www.entrerios.gov.ar\/cultura\/wp-json\/wp\/v2\/media\/12870"}],"wp:attachment":[{"href":"https:\/\/www.entrerios.gov.ar\/cultura\/wp-json\/wp\/v2\/media?parent=12869"}],"wp:term":[{"taxonomy":"category","embeddable":true,"href":"https:\/\/www.entrerios.gov.ar\/cultura\/wp-json\/wp\/v2\/categories?post=12869"},{"taxonomy":"post_tag","embeddable":true,"href":"https:\/\/www.entrerios.gov.ar\/cultura\/wp-json\/wp\/v2\/tags?post=12869"}],"curies":[{"name":"wp","href":"https:\/\/api.w.org\/{rel}","templated":true}]}}