{"id":12878,"date":"2025-03-17T06:08:25","date_gmt":"2025-03-17T06:08:25","guid":{"rendered":"https:\/\/www.entrerios.gov.ar\/cultura\/?p=12878"},"modified":"2025-03-12T15:37:20","modified_gmt":"2025-03-12T15:37:20","slug":"con-funciones-simultaneas-en-parana-y-nogoya-se-realizara-un-nuevo-encuentro-del-ciclo-un-domingo-de-teatro","status":"publish","type":"post","link":"https:\/\/www.entrerios.gov.ar\/cultura\/con-funciones-simultaneas-en-parana-y-nogoya-se-realizara-un-nuevo-encuentro-del-ciclo-un-domingo-de-teatro\/","title":{"rendered":"Con funciones simult\u00e1neas en Paran\u00e1 y Nogoy\u00e1 se realizar\u00e1 un nuevo encuentro del ciclo Un Domingo de Teatro"},"content":{"rendered":"\n<p>Ser\u00e1 este domingo 23 de marzo en el marco de una agenda que conmemora el D\u00eda Internacional de la Mujer. Con entrada libre y gratuita, el ciclo es impulsado por la Secretar\u00eda de Cultura de Entre R\u00edos.&nbsp;<\/p>\n\n\n\n<p>Un Domingo de Teatro ofrece producciones de distintos puntos de la provincia con una impronta federal que tiene por objetivo ampliar circuitos y fortalecer la actividad esc\u00e9nica.&nbsp;<\/p>\n\n\n\n<p>El encuentro del domingo 23 tendr\u00e1 un car\u00e1cter especial ya que las obras fueron programadas por las tem\u00e1ticas que abordan, y en relaci\u00f3n a la conmemoraci\u00f3n del D\u00eda Internacional de la Mujer.<\/p>\n\n\n\n<p>En el Centro Cultural y de Convenciones La Vieja Usina (Gregoria matorras 861) de Paran\u00e1 se presentar\u00e1&nbsp;<em>La Universal&nbsp;<\/em>con la actuaci\u00f3n de Antonella Fern\u00e1ndez Pav\u00f3n, Marisa Grassi, Valent\u00edn Abuaf. El texto y la direcci\u00f3n de la obra est\u00e1n a cargo de Juan Le\u00f3n Abuaf.&nbsp; Tambi\u00e9n participan Reina Heels (vestuario) y Javier Gonz\u00e1lez (dise\u00f1o gr\u00e1fico). En escena y en clave de comedia dram\u00e1tica, personajes fanatizados se re\u00fanen en honor a su \u00eddola. \u201cLa obra denuncia lo ilusorio, lo imaginario\u201d, fundamentan los integrantes del elenco.&nbsp;<\/p>\n\n\n\n<p>La funci\u00f3n dar\u00e1 comienzo a las 21, el ingreso es por orden de llegada hasta colmar la capacidad de la sala.&nbsp;<\/p>\n\n\n\n<p><em>El Despojamiento<\/em>&nbsp;se presentar\u00e1 en el mismo horario pero en la Asociaci\u00f3n Cultural Nogoy\u00e1, sala ubicada en calle Centenario 930 de dicha ciudad.&nbsp;<\/p>\n\n\n\n<figure class=\"wp-block-image\"><img loading=\"lazy\" decoding=\"async\" width=\"1364\" height=\"909\" src=\"https:\/\/www.entrerios.gov.ar\/cultura\/wp-content\/uploads\/2025\/03\/AD_4nXfqAVDO5DfDklNNOp1aXvzrZOXBRS5DHal6wtN4DTb9v7_6LABcGPC-IR_r0K7BvPNq7wxwf9kR8MtqooMnxpus7-kuN5R3FzSGDhOcDVbRtrLe-9NrKkyYjcxLMGErtgZsxr9ZA.jpg\" alt=\"\" class=\"wp-image-12880\" srcset=\"https:\/\/www.entrerios.gov.ar\/cultura\/wp-content\/uploads\/2025\/03\/AD_4nXfqAVDO5DfDklNNOp1aXvzrZOXBRS5DHal6wtN4DTb9v7_6LABcGPC-IR_r0K7BvPNq7wxwf9kR8MtqooMnxpus7-kuN5R3FzSGDhOcDVbRtrLe-9NrKkyYjcxLMGErtgZsxr9ZA.jpg 1364w, https:\/\/www.entrerios.gov.ar\/cultura\/wp-content\/uploads\/2025\/03\/AD_4nXfqAVDO5DfDklNNOp1aXvzrZOXBRS5DHal6wtN4DTb9v7_6LABcGPC-IR_r0K7BvPNq7wxwf9kR8MtqooMnxpus7-kuN5R3FzSGDhOcDVbRtrLe-9NrKkyYjcxLMGErtgZsxr9ZA-1280x853.jpg 1280w, https:\/\/www.entrerios.gov.ar\/cultura\/wp-content\/uploads\/2025\/03\/AD_4nXfqAVDO5DfDklNNOp1aXvzrZOXBRS5DHal6wtN4DTb9v7_6LABcGPC-IR_r0K7BvPNq7wxwf9kR8MtqooMnxpus7-kuN5R3FzSGDhOcDVbRtrLe-9NrKkyYjcxLMGErtgZsxr9ZA-980x653.jpg 980w, https:\/\/www.entrerios.gov.ar\/cultura\/wp-content\/uploads\/2025\/03\/AD_4nXfqAVDO5DfDklNNOp1aXvzrZOXBRS5DHal6wtN4DTb9v7_6LABcGPC-IR_r0K7BvPNq7wxwf9kR8MtqooMnxpus7-kuN5R3FzSGDhOcDVbRtrLe-9NrKkyYjcxLMGErtgZsxr9ZA-480x320.jpg 480w\" sizes=\"auto, (min-width: 0px) and (max-width: 480px) 480px, (min-width: 481px) and (max-width: 980px) 980px, (min-width: 981px) and (max-width: 1280px) 1280px, (min-width: 1281px) 1364px, 100vw\" \/><\/figure>\n\n\n\n<p>Con dramaturgia de Griselda Gambaro, direcci\u00f3n de Raquel Freijo y las actuaciones de Angela Mart\u00ednez y Tov\u00edo Velozo, la puesta trata sobre la espera y explora din\u00e1micas de poder, control y opresi\u00f3n en una relaci\u00f3n abusiva. \u201cConstruye con \u00e1cida iron\u00eda, una met\u00e1fora que trasciende el despojamiento al que se enfrenta la protagonista, atrapada en un ciclo de resistencia y aceptaci\u00f3n del cual no puede escapar\u201d, narra la sinopsis. La ficha t\u00e9cnica de la obra se completa con las participaciones de Daniela Rudel (vestuario y escenograf\u00eda); Oscar Lescano (dise\u00f1o lum\u00ednico); Sebasti\u00e1n Boscarol (t\u00e9cnico); y Pablo Merlo (fotograf\u00eda).&nbsp;<em>El Despojamiento<\/em>&nbsp;es una producci\u00f3n general de Teatro Intenso de Paran\u00e1.<\/p>\n","protected":false},"excerpt":{"rendered":"<p>Ser\u00e1 este domingo 23 de marzo en el marco de una agenda que conmemora el D\u00eda Internacional de la Mujer. Con entrada libre y gratuita, el ciclo es impulsado por la Secretar\u00eda de Cultura de Entre R\u00edos.&nbsp; Un Domingo de Teatro ofrece producciones de distintos puntos de la provincia con una impronta federal que tiene [&hellip;]<\/p>\n","protected":false},"author":5,"featured_media":12879,"comment_status":"open","ping_status":"open","sticky":false,"template":"","format":"standard","meta":{"_et_pb_use_builder":"off","_et_pb_old_content":"","_et_gb_content_width":"","footnotes":""},"categories":[1,28,18],"tags":[],"class_list":["post-12878","post","type-post","status-publish","format-standard","has-post-thumbnail","hentry","category-destacado","category-noticias","category-centro-cultural-la-vieja-usina"],"_links":{"self":[{"href":"https:\/\/www.entrerios.gov.ar\/cultura\/wp-json\/wp\/v2\/posts\/12878","targetHints":{"allow":["GET"]}}],"collection":[{"href":"https:\/\/www.entrerios.gov.ar\/cultura\/wp-json\/wp\/v2\/posts"}],"about":[{"href":"https:\/\/www.entrerios.gov.ar\/cultura\/wp-json\/wp\/v2\/types\/post"}],"author":[{"embeddable":true,"href":"https:\/\/www.entrerios.gov.ar\/cultura\/wp-json\/wp\/v2\/users\/5"}],"replies":[{"embeddable":true,"href":"https:\/\/www.entrerios.gov.ar\/cultura\/wp-json\/wp\/v2\/comments?post=12878"}],"version-history":[{"count":1,"href":"https:\/\/www.entrerios.gov.ar\/cultura\/wp-json\/wp\/v2\/posts\/12878\/revisions"}],"predecessor-version":[{"id":12881,"href":"https:\/\/www.entrerios.gov.ar\/cultura\/wp-json\/wp\/v2\/posts\/12878\/revisions\/12881"}],"wp:featuredmedia":[{"embeddable":true,"href":"https:\/\/www.entrerios.gov.ar\/cultura\/wp-json\/wp\/v2\/media\/12879"}],"wp:attachment":[{"href":"https:\/\/www.entrerios.gov.ar\/cultura\/wp-json\/wp\/v2\/media?parent=12878"}],"wp:term":[{"taxonomy":"category","embeddable":true,"href":"https:\/\/www.entrerios.gov.ar\/cultura\/wp-json\/wp\/v2\/categories?post=12878"},{"taxonomy":"post_tag","embeddable":true,"href":"https:\/\/www.entrerios.gov.ar\/cultura\/wp-json\/wp\/v2\/tags?post=12878"}],"curies":[{"name":"wp","href":"https:\/\/api.w.org\/{rel}","templated":true}]}}