{"id":12911,"date":"2025-03-17T14:01:24","date_gmt":"2025-03-17T14:01:24","guid":{"rendered":"https:\/\/www.entrerios.gov.ar\/cultura\/?p=12911"},"modified":"2025-10-16T16:27:10","modified_gmt":"2025-10-16T16:27:10","slug":"magica-tuvo-gran-convocatoria-en-concepcion-del-uruguay","status":"publish","type":"post","link":"https:\/\/www.entrerios.gov.ar\/cultura\/magica-tuvo-gran-convocatoria-en-concepcion-del-uruguay\/","title":{"rendered":"M\u00e1gica tuvo gran convocatoria en Concepci\u00f3n del Uruguay"},"content":{"rendered":"\n<p>La iniciativa de la Secretar\u00eda de Cultura de la provincia estuvo en la Plaza Ram\u00edrez este s\u00e1bado y domingo, con acceso libre y gratuito. Hubo feria de libros y editoriales entrerrianas, lecturas, escritura de poemas, microteatro y m\u00fasica en vivo.<\/p>\n\n\n\n<p>El objetivo de M\u00e1gica es promover la lectura y visibilizar la tarea de los autores, autoras y editoriales de la provincia, con una mirada federal. Durante gran parte del verano hubo actividades en las playas de Col\u00f3n, Concordia, Federaci\u00f3n y Gualeguaych\u00fa. En Concepci\u00f3n del Uruguay, y en colaboraci\u00f3n con la Municipalidad local, la propuesta se instal\u00f3 en la plaza central de la ciudad, como lugar de encuentro de la comunidad.<\/p>\n\n\n\n<p>El secretario de Cultura de Entre R\u00edos, Juli\u00e1n Stoppello valor\u00f3 el \u201ctrabajo en conjunto con el Municipio y la muy buena recepci\u00f3n del p\u00fablico\u201d. Y destac\u00f3 que M\u00e1gica es una \u201cferia editorial que vale la pena conocer porque pone en valor a las editoriales y escritores de la provincia, con una mirada federal, siguiendo el rumbo que marcan el gobernador Rogelio Frigerio y el ministro de Gobierno y Trabajo, Manuel Troncoso\u201d.<\/p>\n\n\n\n<p><strong>La actividad del fin de semana<\/strong><\/p>\n\n\n\n<p>En la plaza central de Concepci\u00f3n se instal\u00f3 una feria librera integrada por numerosas editoriales de la regi\u00f3n, entre otras iniciativas que impulsan el acceso a los libros y la lectura. Ambas jornadas comenzaron a las 16 con la apertura de la feria. Se present\u00f3 el espect\u00e1culo Eureka, magia payasa y a continuaci\u00f3n el Servicio m\u00e1gico de escritura de poemas, con Roc\u00edo Lanfranco. Adem\u00e1s hubo un espect\u00e1culo de microteatro con El escarabajo, que cont\u00f3 con la actuaci\u00f3n y texto de Nancy Quinodoz, y la direcci\u00f3n de Olivia Reinhartt; y Las que me habitan, con actuaci\u00f3n y texto sobre poetas mujeres, de Olivia Reinhartt.<\/p>\n\n\n\n<figure class=\"wp-block-image\"><img decoding=\"async\" src=\"https:\/\/lh7-rt.googleusercontent.com\/docsz\/AD_4nXeK6TC_Q0jME3nQQv0WB9BR6i3NYybnk5_MJzGqQ_MhVFzIdjeM_LkulJbIVMaw38nI5sbz9wX4l1mRqjNQnkYqvi_hDoR5ZbHbdXRPFXbU618ncSQ-QuJ6beFyc6txkGBaKgjI?key=2vxcmnl8nbpam0h8sdGi-xyp\" alt=\"\"\/><\/figure>\n\n\n\n<p>Tambi\u00e9n estuvo programado un encuentro con las lecturas de \u201cSiempre conmigo\u201d de Am\u00e9rico Schvartzan y \u201cEl 55 en la Hist\u00f3rica\u201d de Jorge Villanova; Sabri Selekta con un set musical; la actuaci\u00f3n de Entre Aires D\u00fao con Julieta Darquier y Lara Marc\u00f3; y el show en vivo de Turi.<\/p>\n\n\n\n<p><strong>(Prensa Secretar\u00eda de Cultura)&nbsp;<\/strong><\/p>\n","protected":false},"excerpt":{"rendered":"<p>La iniciativa de la Secretar\u00eda de Cultura de la provincia estuvo en la Plaza Ram\u00edrez este s\u00e1bado y domingo, con acceso libre y gratuito. Hubo feria de libros y editoriales entrerrianas, lecturas, escritura de poemas, microteatro y m\u00fasica en vivo. El objetivo de M\u00e1gica es promover la lectura y visibilizar la tarea de los autores, [&hellip;]<\/p>\n","protected":false},"author":51,"featured_media":12912,"comment_status":"open","ping_status":"open","sticky":false,"template":"","format":"standard","meta":{"_et_pb_use_builder":"off","_et_pb_old_content":"","_et_gb_content_width":"","footnotes":""},"categories":[1,28],"tags":[],"class_list":["post-12911","post","type-post","status-publish","format-standard","has-post-thumbnail","hentry","category-destacado","category-noticias"],"_links":{"self":[{"href":"https:\/\/www.entrerios.gov.ar\/cultura\/wp-json\/wp\/v2\/posts\/12911","targetHints":{"allow":["GET"]}}],"collection":[{"href":"https:\/\/www.entrerios.gov.ar\/cultura\/wp-json\/wp\/v2\/posts"}],"about":[{"href":"https:\/\/www.entrerios.gov.ar\/cultura\/wp-json\/wp\/v2\/types\/post"}],"author":[{"embeddable":true,"href":"https:\/\/www.entrerios.gov.ar\/cultura\/wp-json\/wp\/v2\/users\/51"}],"replies":[{"embeddable":true,"href":"https:\/\/www.entrerios.gov.ar\/cultura\/wp-json\/wp\/v2\/comments?post=12911"}],"version-history":[{"count":1,"href":"https:\/\/www.entrerios.gov.ar\/cultura\/wp-json\/wp\/v2\/posts\/12911\/revisions"}],"predecessor-version":[{"id":12913,"href":"https:\/\/www.entrerios.gov.ar\/cultura\/wp-json\/wp\/v2\/posts\/12911\/revisions\/12913"}],"wp:featuredmedia":[{"embeddable":true,"href":"https:\/\/www.entrerios.gov.ar\/cultura\/wp-json\/wp\/v2\/media\/12912"}],"wp:attachment":[{"href":"https:\/\/www.entrerios.gov.ar\/cultura\/wp-json\/wp\/v2\/media?parent=12911"}],"wp:term":[{"taxonomy":"category","embeddable":true,"href":"https:\/\/www.entrerios.gov.ar\/cultura\/wp-json\/wp\/v2\/categories?post=12911"},{"taxonomy":"post_tag","embeddable":true,"href":"https:\/\/www.entrerios.gov.ar\/cultura\/wp-json\/wp\/v2\/tags?post=12911"}],"curies":[{"name":"wp","href":"https:\/\/api.w.org\/{rel}","templated":true}]}}