{"id":12917,"date":"2025-03-18T06:00:00","date_gmt":"2025-03-18T06:00:00","guid":{"rendered":"https:\/\/www.entrerios.gov.ar\/cultura\/?p=12917"},"modified":"2025-03-18T10:08:09","modified_gmt":"2025-03-18T10:08:09","slug":"presentan-un-libro-sobre-las-victimas-uruguayenses-del-terrorismo-de-estado","status":"publish","type":"post","link":"https:\/\/www.entrerios.gov.ar\/cultura\/presentan-un-libro-sobre-las-victimas-uruguayenses-del-terrorismo-de-estado\/","title":{"rendered":"Presentan un libro sobre las v\u00edctimas uruguayenses del terrorismo de Estado"},"content":{"rendered":"\n<p>Ser\u00e1 este jueves 20 de marzo a las 20 horas en el Museo Hist\u00f3rico \u201cMartiniano Leguizam\u00f3n\u201d (Buenos Aires y Laprida, Paran\u00e1). Se titula \u201cSiempre conmigo\u201d y fue editado por la cooperativa El Mi\u00e9rcoles. Estar\u00e1 presente Am\u00e9rico Schvartzman, periodista y Doctor en Filosof\u00eda (UNSAM). Adem\u00e1s habr\u00e1 una muestra pl\u00e1stica.&nbsp;&nbsp;<\/p>\n\n\n\n<p>La presentaci\u00f3n es una iniciativa conjunta del Archivo General de Entre R\u00edos y el Museo Hist\u00f3rico \u201cMartiniano Leguizam\u00f3n\u201d, organismos dependientes de la Secretar\u00eda de Cultura de Entre R\u00edos.&nbsp;<\/p>\n\n\n\n<p>\u201cSiempre conmigo\u201d fue seleccionado y apoyado por el Fondo Nacional de las Artes. Narra las historias de vida de cada una de las 26 v\u00edctimas uruguayenses de la \u00faltima Dictadura en el pa\u00eds. En 460 p\u00e1ginas se incluyen documentos, testimonios e ilustraciones.<\/p>\n\n\n\n<p>Adem\u00e1s se exhibir\u00e1 una muestra de retratos de las 26 v\u00edctimas, realizados por artistas uruguayenses especialmente para la publicaci\u00f3n.<\/p>\n\n\n\n<p>Se invita a la comunidad a participar.<\/p>\n","protected":false},"excerpt":{"rendered":"<p>Ser\u00e1 este jueves 20 de marzo a las 20 horas en el Museo Hist\u00f3rico \u201cMartiniano Leguizam\u00f3n\u201d (Buenos Aires y Laprida, Paran\u00e1). Se titula \u201cSiempre conmigo\u201d y fue editado por la cooperativa El Mi\u00e9rcoles. Estar\u00e1 presente Am\u00e9rico Schvartzman, periodista y Doctor en Filosof\u00eda (UNSAM). Adem\u00e1s habr\u00e1 una muestra pl\u00e1stica.&nbsp;&nbsp; La presentaci\u00f3n es una iniciativa conjunta del [&hellip;]<\/p>\n","protected":false},"author":51,"featured_media":12918,"comment_status":"open","ping_status":"open","sticky":false,"template":"","format":"standard","meta":{"_et_pb_use_builder":"off","_et_pb_old_content":"","_et_gb_content_width":"","footnotes":""},"categories":[1,28,7,10],"tags":[],"class_list":["post-12917","post","type-post","status-publish","format-standard","has-post-thumbnail","hentry","category-destacado","category-noticias","category-archivo-general","category-museo-historico"],"_links":{"self":[{"href":"https:\/\/www.entrerios.gov.ar\/cultura\/wp-json\/wp\/v2\/posts\/12917","targetHints":{"allow":["GET"]}}],"collection":[{"href":"https:\/\/www.entrerios.gov.ar\/cultura\/wp-json\/wp\/v2\/posts"}],"about":[{"href":"https:\/\/www.entrerios.gov.ar\/cultura\/wp-json\/wp\/v2\/types\/post"}],"author":[{"embeddable":true,"href":"https:\/\/www.entrerios.gov.ar\/cultura\/wp-json\/wp\/v2\/users\/51"}],"replies":[{"embeddable":true,"href":"https:\/\/www.entrerios.gov.ar\/cultura\/wp-json\/wp\/v2\/comments?post=12917"}],"version-history":[{"count":2,"href":"https:\/\/www.entrerios.gov.ar\/cultura\/wp-json\/wp\/v2\/posts\/12917\/revisions"}],"predecessor-version":[{"id":12921,"href":"https:\/\/www.entrerios.gov.ar\/cultura\/wp-json\/wp\/v2\/posts\/12917\/revisions\/12921"}],"wp:featuredmedia":[{"embeddable":true,"href":"https:\/\/www.entrerios.gov.ar\/cultura\/wp-json\/wp\/v2\/media\/12918"}],"wp:attachment":[{"href":"https:\/\/www.entrerios.gov.ar\/cultura\/wp-json\/wp\/v2\/media?parent=12917"}],"wp:term":[{"taxonomy":"category","embeddable":true,"href":"https:\/\/www.entrerios.gov.ar\/cultura\/wp-json\/wp\/v2\/categories?post=12917"},{"taxonomy":"post_tag","embeddable":true,"href":"https:\/\/www.entrerios.gov.ar\/cultura\/wp-json\/wp\/v2\/tags?post=12917"}],"curies":[{"name":"wp","href":"https:\/\/api.w.org\/{rel}","templated":true}]}}