{"id":12958,"date":"2025-03-23T16:55:29","date_gmt":"2025-03-23T16:55:29","guid":{"rendered":"https:\/\/www.entrerios.gov.ar\/cultura\/?p=12958"},"modified":"2025-03-23T16:55:31","modified_gmt":"2025-03-23T16:55:31","slug":"se-realizara-un-laboratorio-de-desarrollo-de-proyectos-en-el-iaaer","status":"publish","type":"post","link":"https:\/\/www.entrerios.gov.ar\/cultura\/se-realizara-un-laboratorio-de-desarrollo-de-proyectos-en-el-iaaer\/","title":{"rendered":"Se realizar\u00e1 un Laboratorio de Desarrollo de Proyectos en el IAAER"},"content":{"rendered":"\n<p>Ser\u00e1 con modalidad online de cuatro encuentros que comenzar\u00e1n el martes 15 de abril, de 19 a 21.30, con inscripci\u00f3n previa. Nicol\u00e1s Herzog (tutor) y Mauro Cape (coordinador), ser\u00e1n los encargados de llevar adelante esta nueva propuesta libre y gratuita.<\/p>\n\n\n\n<p><\/p>\n\n\n\n<p><\/p>\n\n\n\n<p>Es una nueva actividad que organiza el Instituto Aut\u00e1rquico Audiovisual de Entre R\u00edos (IAAER), que depende de la Secretar\u00eda de Cultura provincial dentro de la \u00f3rbita del Ministerio de Gobierno y Trabajo. El objetivo es desarrollar una mirada federal, con ciclos, encuentros y convocatorias que tienen llegada y presencia en toda la provincia.<\/p>\n\n\n\n<p>Est\u00e1 destinado a entrerrianas y entrerrianos que cuenten con un proyecto de largometraje o cortometraje de ficci\u00f3n, documental, experimental o h\u00edbrido. Cabe destacar que ser\u00e1n admitidos estos proyectos, en distintas instancias de desarrollo: tratamiento, primera versi\u00f3n de gui\u00f3n, primer corte de montaje. Se dictar\u00e1 uno por semana. Es con inscripci\u00f3n previa, y se solicitar\u00e1 el env\u00edo del material con el que se cuenta y se seleccionar\u00e1n ocho proyectos escribiendo a: <a href=\"mailto:formacionesiaaer@gmail.com\">formacionesiaaer@gmail.com<\/a>&nbsp;<\/p>\n\n\n\n<p>\u201cLa idea de hacerlo online es para que pueda haber participantes de toda la provincia y no limitarlo a una ciudad. El esp\u00edritu de esta din\u00e1mica es incentivar a pensar en equipo las fortalezas de cada proyecto con el objetivo de avanzar, a veces a tientas, en el desaf\u00edo de filmar una pel\u00edcula\u201d, explic\u00f3 Herzog.<\/p>\n\n\n\n<p><strong>Din\u00e1mica del Taller<\/strong><\/p>\n\n\n\n<p>1er Encuentro: Presentaci\u00f3n de todos los proyectos por parte de cada participante y el tutor. Din\u00e1mica de los encuentros.<\/p>\n\n\n\n<p>2do Encuentro: se trabaja con cuatro proyectos. Devoluciones para trabajarlos.<\/p>\n\n\n\n<p>3er Encuentro: se trabaja con los otros cuatro proyectos. Devoluciones para trabajarlos.<\/p>\n\n\n\n<p>4to Encuentro: Pitch de todos los proyectos y devoluci\u00f3n a cada uno.<\/p>\n\n\n\n<p>Todos los participantes leen los proyectos de todos y se trabajan en los encuentros con la participaci\u00f3n de todos.<\/p>\n\n\n\n<p><strong>Sobre el tutor del Laboratorio<\/strong><\/p>\n\n\n\n<p>Nicol\u00e1s Herzog es guionista, productor y director de cine entrerriano. Egresado de la carrera de Ciencias de la Comunicaci\u00f3n de la UBA, en 2010 fund\u00f3 su productora Rumba Cine y dirigi\u00f3 los films Orquesta roja (2010), Vuelo Nocturno (2016), La sombra del gallo (2020), y Elda y los monstruos (2023). Todas sus pel\u00edculas participaron en festivales internacionales y obtuvieron diversos premios y reconocimientos.<\/p>\n\n\n\n<p><strong>(Prensa IAAER)<\/strong><\/p>\n","protected":false},"excerpt":{"rendered":"<p>Ser\u00e1 con modalidad online de cuatro encuentros que comenzar\u00e1n el martes 15 de abril, de 19 a 21.30, con inscripci\u00f3n previa. Nicol\u00e1s Herzog (tutor) y Mauro Cape (coordinador), ser\u00e1n los encargados de llevar adelante esta nueva propuesta libre y gratuita. Es una nueva actividad que organiza el Instituto Aut\u00e1rquico Audiovisual de Entre R\u00edos (IAAER), que [&hellip;]<\/p>\n","protected":false},"author":51,"featured_media":12959,"comment_status":"open","ping_status":"open","sticky":false,"template":"","format":"standard","meta":{"_et_pb_use_builder":"off","_et_pb_old_content":"","_et_gb_content_width":"","footnotes":""},"categories":[1,28,106,4],"tags":[],"class_list":["post-12958","post","type-post","status-publish","format-standard","has-post-thumbnail","hentry","category-destacado","category-noticias","category-capacitaciones","category-iaaer"],"_links":{"self":[{"href":"https:\/\/www.entrerios.gov.ar\/cultura\/wp-json\/wp\/v2\/posts\/12958","targetHints":{"allow":["GET"]}}],"collection":[{"href":"https:\/\/www.entrerios.gov.ar\/cultura\/wp-json\/wp\/v2\/posts"}],"about":[{"href":"https:\/\/www.entrerios.gov.ar\/cultura\/wp-json\/wp\/v2\/types\/post"}],"author":[{"embeddable":true,"href":"https:\/\/www.entrerios.gov.ar\/cultura\/wp-json\/wp\/v2\/users\/51"}],"replies":[{"embeddable":true,"href":"https:\/\/www.entrerios.gov.ar\/cultura\/wp-json\/wp\/v2\/comments?post=12958"}],"version-history":[{"count":1,"href":"https:\/\/www.entrerios.gov.ar\/cultura\/wp-json\/wp\/v2\/posts\/12958\/revisions"}],"predecessor-version":[{"id":12960,"href":"https:\/\/www.entrerios.gov.ar\/cultura\/wp-json\/wp\/v2\/posts\/12958\/revisions\/12960"}],"wp:featuredmedia":[{"embeddable":true,"href":"https:\/\/www.entrerios.gov.ar\/cultura\/wp-json\/wp\/v2\/media\/12959"}],"wp:attachment":[{"href":"https:\/\/www.entrerios.gov.ar\/cultura\/wp-json\/wp\/v2\/media?parent=12958"}],"wp:term":[{"taxonomy":"category","embeddable":true,"href":"https:\/\/www.entrerios.gov.ar\/cultura\/wp-json\/wp\/v2\/categories?post=12958"},{"taxonomy":"post_tag","embeddable":true,"href":"https:\/\/www.entrerios.gov.ar\/cultura\/wp-json\/wp\/v2\/tags?post=12958"}],"curies":[{"name":"wp","href":"https:\/\/api.w.org\/{rel}","templated":true}]}}