{"id":12972,"date":"2025-03-24T14:14:36","date_gmt":"2025-03-24T14:14:36","guid":{"rendered":"https:\/\/www.entrerios.gov.ar\/cultura\/?p=12972"},"modified":"2025-03-24T14:15:25","modified_gmt":"2025-03-24T14:15:25","slug":"el-ciclo-un-domingo-de-teatro-tuvo-funciones-en-parana-y-nogoya","status":"publish","type":"post","link":"https:\/\/www.entrerios.gov.ar\/cultura\/el-ciclo-un-domingo-de-teatro-tuvo-funciones-en-parana-y-nogoya\/","title":{"rendered":"El ciclo Un Domingo de Teatro tuvo funciones en Paran\u00e1 y Nogoy\u00e1"},"content":{"rendered":"\n<p>Con una mirada federal y entrada libre y gratuita, la propuesta de la Secretar\u00eda de Cultura de Entre R\u00edos ofrece producciones de distintos puntos de la provincia. La vicegobernadora Alicia Aluani presenci\u00f3 una de las obras teatrales en la Asociaci\u00f3n Cultural Nogoy\u00e1.<\/p>\n\n\n\n<p>Las funciones de este domingo 23 de marzo, que se realizaron de manera simult\u00e1nea, forman parte de una agenda especial en el Mes de la Mujer. El ciclo cuenta tambi\u00e9n con el apoyo de la Vicegobernaci\u00f3n de Entre R\u00edos.<\/p>\n\n\n\n<p>En el Centro Cultural y de Convenciones La Vieja Usina de Paran\u00e1 se present\u00f3 \u201cLa Universal\u201d, con la actuaci\u00f3n de Antonella Fern\u00e1ndez Pav\u00f3n, Marisa Grassi, Valent\u00edn Abuaf. El texto y la direcci\u00f3n de la obra son de Juan Le\u00f3n Abuaf.&nbsp; Tambi\u00e9n participan Reina Heels (vestuario) y Javier Gonz\u00e1lez (dise\u00f1o gr\u00e1fico).<\/p>\n\n\n\n<figure class=\"wp-block-image size-large\"><img loading=\"lazy\" decoding=\"async\" width=\"1024\" height=\"683\" src=\"https:\/\/www.entrerios.gov.ar\/cultura\/wp-content\/uploads\/2025\/03\/54406458379_9e12d59789_k-1024x683.jpg\" alt=\"\" class=\"wp-image-12977\" srcset=\"https:\/\/www.entrerios.gov.ar\/cultura\/wp-content\/uploads\/2025\/03\/54406458379_9e12d59789_k-980x653.jpg 980w, https:\/\/www.entrerios.gov.ar\/cultura\/wp-content\/uploads\/2025\/03\/54406458379_9e12d59789_k-480x320.jpg 480w\" sizes=\"auto, (min-width: 0px) and (max-width: 480px) 480px, (min-width: 481px) and (max-width: 980px) 980px, (min-width: 981px) 1024px, 100vw\" \/><\/figure>\n\n\n\n<p>En Nogoy\u00e1 se present\u00f3 \u201cEl Despojamiento\u201d, una producci\u00f3n general de Teatro Intenso de Paran\u00e1. Con dramaturgia de Griselda Gambaro, direcci\u00f3n de Raquel Freijo y las actuaciones de Angela Mart\u00ednez y Tovio Velozo. La ficha t\u00e9cnica se completa con Daniela Rudel (vestuario y escenograf\u00eda); Oscar Lescano (dise\u00f1o lum\u00ednico); Sebasti\u00e1n Boscarol (t\u00e9cnico); y Pablo Merlo (fotograf\u00eda).<\/p>\n\n\n\n<figure class=\"wp-block-image size-large\"><img loading=\"lazy\" decoding=\"async\" width=\"1024\" height=\"683\" src=\"https:\/\/www.entrerios.gov.ar\/cultura\/wp-content\/uploads\/2025\/03\/WhatsApp-Image-2025-03-24-at-10.48.15-1024x683.jpeg\" alt=\"\" class=\"wp-image-12978\" srcset=\"https:\/\/www.entrerios.gov.ar\/cultura\/wp-content\/uploads\/2025\/03\/WhatsApp-Image-2025-03-24-at-10.48.15-980x653.jpeg 980w, https:\/\/www.entrerios.gov.ar\/cultura\/wp-content\/uploads\/2025\/03\/WhatsApp-Image-2025-03-24-at-10.48.15-480x320.jpeg 480w\" sizes=\"auto, (min-width: 0px) and (max-width: 480px) 480px, (min-width: 481px) and (max-width: 980px) 980px, (min-width: 981px) 1024px, 100vw\" \/><figcaption class=\"wp-element-caption\">(Foto Vicegobernaci\u00f3n)<\/figcaption><\/figure>\n\n\n\n<p>En ambos casos las salas tuvieron una muy buena concurrencia de p\u00fablico que contin\u00faa disfrutando de las artes esc\u00e9nicas entrerrianas. En Nogoy\u00e1 estuvo presente la directora general de Programas y Promoci\u00f3n Cultural de Entre R\u00edos, Natalia Prado, quien destac\u00f3 la participaci\u00f3n de elencos y vecinos de distintas edades en la propuesta.<\/p>\n\n\n\n<p><strong>Pr\u00f3xima funci\u00f3n<\/strong><\/p>\n\n\n\n<p>Un Domingo de Teatro continuar\u00e1 este domingo 30 de marzo en Viale, con la obra \u201cLa noche ha ca\u00eddo\u201d. La funci\u00f3n ser\u00e1 a las 20, con entrada libre y gratuita, en la Sala Abarajala (9 de Julio 323).<\/p>\n\n\n\n<p>El ciclo forma parte del programa anual CUAC! 2025 (Cultura Activa), que desarrolla la Secretar\u00eda de Cultura de Entre R\u00edos en toda la provincia.<\/p>\n","protected":false},"excerpt":{"rendered":"<p>Con una mirada federal y entrada libre y gratuita, la propuesta de la Secretar\u00eda de Cultura de Entre R\u00edos ofrece producciones de distintos puntos de la provincia. La vicegobernadora Alicia Aluani presenci\u00f3 una de las obras teatrales en la Asociaci\u00f3n Cultural Nogoy\u00e1. Las funciones de este domingo 23 de marzo, que se realizaron de manera [&hellip;]<\/p>\n","protected":false},"author":51,"featured_media":12975,"comment_status":"open","ping_status":"open","sticky":false,"template":"","format":"standard","meta":{"_et_pb_use_builder":"off","_et_pb_old_content":"","_et_gb_content_width":"","footnotes":""},"categories":[1,28],"tags":[],"class_list":["post-12972","post","type-post","status-publish","format-standard","has-post-thumbnail","hentry","category-destacado","category-noticias"],"_links":{"self":[{"href":"https:\/\/www.entrerios.gov.ar\/cultura\/wp-json\/wp\/v2\/posts\/12972","targetHints":{"allow":["GET"]}}],"collection":[{"href":"https:\/\/www.entrerios.gov.ar\/cultura\/wp-json\/wp\/v2\/posts"}],"about":[{"href":"https:\/\/www.entrerios.gov.ar\/cultura\/wp-json\/wp\/v2\/types\/post"}],"author":[{"embeddable":true,"href":"https:\/\/www.entrerios.gov.ar\/cultura\/wp-json\/wp\/v2\/users\/51"}],"replies":[{"embeddable":true,"href":"https:\/\/www.entrerios.gov.ar\/cultura\/wp-json\/wp\/v2\/comments?post=12972"}],"version-history":[{"count":8,"href":"https:\/\/www.entrerios.gov.ar\/cultura\/wp-json\/wp\/v2\/posts\/12972\/revisions"}],"predecessor-version":[{"id":12985,"href":"https:\/\/www.entrerios.gov.ar\/cultura\/wp-json\/wp\/v2\/posts\/12972\/revisions\/12985"}],"wp:featuredmedia":[{"embeddable":true,"href":"https:\/\/www.entrerios.gov.ar\/cultura\/wp-json\/wp\/v2\/media\/12975"}],"wp:attachment":[{"href":"https:\/\/www.entrerios.gov.ar\/cultura\/wp-json\/wp\/v2\/media?parent=12972"}],"wp:term":[{"taxonomy":"category","embeddable":true,"href":"https:\/\/www.entrerios.gov.ar\/cultura\/wp-json\/wp\/v2\/categories?post=12972"},{"taxonomy":"post_tag","embeddable":true,"href":"https:\/\/www.entrerios.gov.ar\/cultura\/wp-json\/wp\/v2\/tags?post=12972"}],"curies":[{"name":"wp","href":"https:\/\/api.w.org\/{rel}","templated":true}]}}