{"id":12990,"date":"2025-03-25T17:45:02","date_gmt":"2025-03-25T17:45:02","guid":{"rendered":"https:\/\/www.entrerios.gov.ar\/cultura\/?p=12990"},"modified":"2025-03-25T17:45:04","modified_gmt":"2025-03-25T17:45:04","slug":"bovril-se-prepara-para-celebrar-su-112-aniversario","status":"publish","type":"post","link":"https:\/\/www.entrerios.gov.ar\/cultura\/bovril-se-prepara-para-celebrar-su-112-aniversario\/","title":{"rendered":"Bovril se prepara para celebrar su 112\u00b0 aniversario"},"content":{"rendered":"\n<p>El Museo Casa de Gobierno, organismo dependiente de la Secretar\u00eda de Cultura de Entre R\u00edos, recibi\u00f3 a los organizadores de la fiesta y present\u00f3 las actividades para conmemorar un nuevo aniversario de la localidad del departamento La Paz.<\/p>\n\n\n\n<p>Los festejos se realizar\u00e1n el viernes 28 y s\u00e1bado 29 de marzo en el predio del ferrocarril, con entrada libre y gratuita.<\/p>\n\n\n\n<p>La actividad que se llev\u00f3 a cabo este martes de ma\u00f1ana cont\u00f3 con la presencia de la directora general de Programas y Promoci\u00f3n Cultural de la Secretar\u00eda de Cultura de Entre R\u00edos, Natalia Prado, quien destac\u00f3 \u201cla importancia de acompa\u00f1ar y visibilizar estas celebraciones que difunden la historia y la identidad de cada localidad provincial\u201d.<\/p>\n\n\n\n<p>Acompa\u00f1aron la presentaci\u00f3n autoridades municipales de Bovril, la secretaria de Gobierno, Hacienda y Finanzas, Fabiola Almarante y el coordinador de actividades musicales, Rodrigo Luj\u00e1n Z\u00e1rate, quienes dieron detalles del evento que re\u00fane la cultura y la tradici\u00f3n de la zona. Para cerrar el encuentro ante los medios locales, se present\u00f3 un n\u00famero musical y de danza de la localidad.<\/p>\n\n\n\n<p>Los n\u00fameros musicales que participar\u00e1n en la fiesta son Los Majestuosos del Chamam\u00e9, Los Hermanos Gotte, la Banda de la Polic\u00eda de Entre R\u00edos, Pasi\u00f3n Campera, academias de danzas folcl\u00f3ricas, \u00e1rabes, estilo urbano, entre otros.&nbsp;<\/p>\n\n\n\n<p><em>Prensa Museo Casa de Gobierno<\/em>&nbsp;<\/p>\n","protected":false},"excerpt":{"rendered":"<p>El Museo Casa de Gobierno, organismo dependiente de la Secretar\u00eda de Cultura de Entre R\u00edos, recibi\u00f3 a los organizadores de la fiesta y present\u00f3 las actividades para conmemorar un nuevo aniversario de la localidad del departamento La Paz. Los festejos se realizar\u00e1n el viernes 28 y s\u00e1bado 29 de marzo en el predio del ferrocarril, [&hellip;]<\/p>\n","protected":false},"author":5,"featured_media":12991,"comment_status":"open","ping_status":"open","sticky":false,"template":"","format":"standard","meta":{"_et_pb_use_builder":"off","_et_pb_old_content":"","_et_gb_content_width":"","footnotes":""},"categories":[1,28,11],"tags":[],"class_list":["post-12990","post","type-post","status-publish","format-standard","has-post-thumbnail","hentry","category-destacado","category-noticias","category-museo-casa-de-gobierno"],"_links":{"self":[{"href":"https:\/\/www.entrerios.gov.ar\/cultura\/wp-json\/wp\/v2\/posts\/12990","targetHints":{"allow":["GET"]}}],"collection":[{"href":"https:\/\/www.entrerios.gov.ar\/cultura\/wp-json\/wp\/v2\/posts"}],"about":[{"href":"https:\/\/www.entrerios.gov.ar\/cultura\/wp-json\/wp\/v2\/types\/post"}],"author":[{"embeddable":true,"href":"https:\/\/www.entrerios.gov.ar\/cultura\/wp-json\/wp\/v2\/users\/5"}],"replies":[{"embeddable":true,"href":"https:\/\/www.entrerios.gov.ar\/cultura\/wp-json\/wp\/v2\/comments?post=12990"}],"version-history":[{"count":1,"href":"https:\/\/www.entrerios.gov.ar\/cultura\/wp-json\/wp\/v2\/posts\/12990\/revisions"}],"predecessor-version":[{"id":12992,"href":"https:\/\/www.entrerios.gov.ar\/cultura\/wp-json\/wp\/v2\/posts\/12990\/revisions\/12992"}],"wp:featuredmedia":[{"embeddable":true,"href":"https:\/\/www.entrerios.gov.ar\/cultura\/wp-json\/wp\/v2\/media\/12991"}],"wp:attachment":[{"href":"https:\/\/www.entrerios.gov.ar\/cultura\/wp-json\/wp\/v2\/media?parent=12990"}],"wp:term":[{"taxonomy":"category","embeddable":true,"href":"https:\/\/www.entrerios.gov.ar\/cultura\/wp-json\/wp\/v2\/categories?post=12990"},{"taxonomy":"post_tag","embeddable":true,"href":"https:\/\/www.entrerios.gov.ar\/cultura\/wp-json\/wp\/v2\/tags?post=12990"}],"curies":[{"name":"wp","href":"https:\/\/api.w.org\/{rel}","templated":true}]}}