{"id":12999,"date":"2025-03-26T13:41:13","date_gmt":"2025-03-26T13:41:13","guid":{"rendered":"https:\/\/www.entrerios.gov.ar\/cultura\/?p=12999"},"modified":"2025-03-26T19:49:25","modified_gmt":"2025-03-26T19:49:25","slug":"el-ciclo-piano-adentro-tendra-una-edicion-especial-en-rosario-del-tala","status":"publish","type":"post","link":"https:\/\/www.entrerios.gov.ar\/cultura\/el-ciclo-piano-adentro-tendra-una-edicion-especial-en-rosario-del-tala\/","title":{"rendered":"El ciclo Piano Adentro tendr\u00e1 una edici\u00f3n especial en Rosario del Tala"},"content":{"rendered":"\n<p>Ser\u00e1 el s\u00e1bado 5 de abril a las 21 en la Escuela N 1 On\u00e9simo Leguizam\u00f3n, con entrada libre y gratuita. En esta ocasi\u00f3n la propuesta se denomina \u201cEl piano vuelve a sonar\u201d, ya que el instrumento que se utilizar\u00e1 ha sido arreglado y recuperado para la comunidad.&nbsp;<\/p>\n\n\n\n<p>La Secretar\u00eda de Cultura de Entre R\u00edos impulsa y acompa\u00f1a esta iniciativa surgida de m\u00fasicos que nacieron en distintas localidades de la provincia: Aline Soto (Libertador San Mart\u00edn, Diamante); Kevin Mernez (Nogoy\u00e1); Silvia Teijeira (Federal); Lucio Salisky (Rosario del Tala). El objetivo es compartir, difundir y promover el disfrute de m\u00fasica con sentido de pertenencia a la regi\u00f3n y el pa\u00eds; adem\u00e1s de revalorizar el piano como instrumento solista en los distintos \u00e1mbitos.\u00a0El ciclo Piano Adentro es coorganizado junto a Fauna Cultura Ambiental. \u00a0<\/p>\n\n\n\n<p>En la jornada del 5 de abril, se presentar\u00e1n Soto, Mernez, Teijeira y Salisky, con la participaci\u00f3n del m\u00fasico local Julio L\u00f3pez en canto. La Escuela N 1 On\u00e9simo Leguizam\u00f3n, lugar donde se realizar\u00e1 el concierto, se encuentra ubicada en calle Roque S\u00e1enz Pe\u00f1a 366, de la ciudad de Rosario del Tala.&nbsp;<\/p>\n\n\n\n<p><strong>Un piano de cola recuperado por la comunidad&nbsp;<\/strong><\/p>\n\n\n\n<p>\u201cUn talense de apellido Fiedotin emigr\u00f3 a Estados Unidos y envi\u00f3 donaciones a su ciudad natal, entre ellas, un hermoso piano de cola que fue alojado en la Escuela On\u00e9simo Leguizam\u00f3n. Una vez calibrado y afinado, se form\u00f3 una comisi\u00f3n para ofrecer conciertos\u201d, recuerda Lucio Salisky, integrante del Proyecto Piano Adentro, nacido y residente de Rosario del Tala.<\/p>\n\n\n\n<p>Tiempo despu\u00e9s el piano dej\u00f3 de sonar debido a las dificultades de mantenimiento y se convirti\u00f3 en un recurso did\u00e1ctico. Actualmente, integrantes del Proyecto Piano Adentro trabajaron para ponerlo en funcionamiento, arreglando algunos aspectos de su maquinaria, pedalera y afinaci\u00f3n. \u201cHoy nuestra comunidad y la regi\u00f3n pueden volver a disfrutar de su belleza, emocionarse con nuestras m\u00fasicas y llenar sus corazones. Por eso, celebramos que <em>El piano vuelve a sonar<\/em>\u201d, finaliz\u00f3 Salisky.<\/p>\n\n\n\n<p>La Secretar\u00eda de Cultura de la provincia invita a la comunidad a acompa\u00f1ar el proyecto y a participar de este encuentro que tendr\u00e1 sucesivas ediciones en otras localidades, con la idea de federalizar y compartir la cultura entrerriana.&nbsp;<\/p>\n\n\n\n<p><em>Foto: Ph Melina Londero_ Piano adentro 2024.-<\/em><\/p>\n","protected":false},"excerpt":{"rendered":"<p>Ser\u00e1 el s\u00e1bado 5 de abril a las 21 en la Escuela N 1 On\u00e9simo Leguizam\u00f3n, con entrada libre y gratuita. En esta ocasi\u00f3n la propuesta se denomina \u201cEl piano vuelve a sonar\u201d, ya que el instrumento que se utilizar\u00e1 ha sido arreglado y recuperado para la comunidad.&nbsp; La Secretar\u00eda de Cultura de Entre R\u00edos [&hellip;]<\/p>\n","protected":false},"author":5,"featured_media":12868,"comment_status":"open","ping_status":"open","sticky":false,"template":"","format":"standard","meta":{"_et_pb_use_builder":"off","_et_pb_old_content":"","_et_gb_content_width":"","footnotes":""},"categories":[1,28],"tags":[],"class_list":["post-12999","post","type-post","status-publish","format-standard","has-post-thumbnail","hentry","category-destacado","category-noticias"],"_links":{"self":[{"href":"https:\/\/www.entrerios.gov.ar\/cultura\/wp-json\/wp\/v2\/posts\/12999","targetHints":{"allow":["GET"]}}],"collection":[{"href":"https:\/\/www.entrerios.gov.ar\/cultura\/wp-json\/wp\/v2\/posts"}],"about":[{"href":"https:\/\/www.entrerios.gov.ar\/cultura\/wp-json\/wp\/v2\/types\/post"}],"author":[{"embeddable":true,"href":"https:\/\/www.entrerios.gov.ar\/cultura\/wp-json\/wp\/v2\/users\/5"}],"replies":[{"embeddable":true,"href":"https:\/\/www.entrerios.gov.ar\/cultura\/wp-json\/wp\/v2\/comments?post=12999"}],"version-history":[{"count":3,"href":"https:\/\/www.entrerios.gov.ar\/cultura\/wp-json\/wp\/v2\/posts\/12999\/revisions"}],"predecessor-version":[{"id":13005,"href":"https:\/\/www.entrerios.gov.ar\/cultura\/wp-json\/wp\/v2\/posts\/12999\/revisions\/13005"}],"wp:featuredmedia":[{"embeddable":true,"href":"https:\/\/www.entrerios.gov.ar\/cultura\/wp-json\/wp\/v2\/media\/12868"}],"wp:attachment":[{"href":"https:\/\/www.entrerios.gov.ar\/cultura\/wp-json\/wp\/v2\/media?parent=12999"}],"wp:term":[{"taxonomy":"category","embeddable":true,"href":"https:\/\/www.entrerios.gov.ar\/cultura\/wp-json\/wp\/v2\/categories?post=12999"},{"taxonomy":"post_tag","embeddable":true,"href":"https:\/\/www.entrerios.gov.ar\/cultura\/wp-json\/wp\/v2\/tags?post=12999"}],"curies":[{"name":"wp","href":"https:\/\/api.w.org\/{rel}","templated":true}]}}