{"id":13010,"date":"2025-03-28T12:36:40","date_gmt":"2025-03-28T12:36:40","guid":{"rendered":"https:\/\/www.entrerios.gov.ar\/cultura\/?p=13010"},"modified":"2025-03-28T12:36:41","modified_gmt":"2025-03-28T12:36:41","slug":"se-realizara-una-nueva-proyeccion-en-el-cineclub-del-iaaer","status":"publish","type":"post","link":"https:\/\/www.entrerios.gov.ar\/cultura\/se-realizara-una-nueva-proyeccion-en-el-cineclub-del-iaaer\/","title":{"rendered":"Se realizar\u00e1 una nueva proyecci\u00f3n en el Cineclub del IAAER"},"content":{"rendered":"\n<p>El ciclo se denomina \u201cImpacto Fulminante: Cuando la m\u00fasica transforma\u201d. La funci\u00f3n ser\u00e1 el pr\u00f3ximo martes 1 de abril, a las 20, en la Sala Rub\u00e9n Noble (Gregoria Matorras 861, de Paran\u00e1). Organiza el Instituto Aut\u00e1rquico Audiovisual de Entre R\u00edos (IAAER), que depende de la Secretar\u00eda de Cultura provincial.&nbsp;<\/p>\n\n\n\n<p>Con entrada libre y gratuita, este nuevo ciclo est\u00e1 curado por el periodista Javier Diz. En la funci\u00f3n de este martes 1 de abril se presentar\u00e1 la pel\u00edcula Oleg y las raras artes, de Andr\u00e9s Luque (2016), y el cortometraje Aliens, de Luis L\u00f3pez Carrasco (2017).&nbsp;<\/p>\n\n\n\n<p>Seg\u00fan Diz, las pel\u00edculas seleccionadas para el ciclo, funcionan como puerta de entrada a mundos espec\u00edficos, a menudo desconocidos, donde la m\u00fasica no solo marca la cotidianidad, sino que tambi\u00e9n se convierte en un elemento transformador. El objetivo del Cineclub del IAAER, es generar un espacio de participaci\u00f3n para que la ciudadan\u00eda tenga acceso a bienes culturales en forma gratuita, considerando siempre la posibilidad de llegar a diversos p\u00fablicos y distintas edades.<\/p>\n\n\n\n<p>\u201cOleg y las raras artes\u201d, se trata de Oleg Karavaichuk, que fue un pianista ruso inclasificable, que tiene en su biograf\u00eda como punto inicial el haber tocado el piano para Stalin a los siete a\u00f1os. Este documental sigue -o intenta seguir- los pasos impredecibles en los \u00faltimos d\u00edas de un personaje tan fascinante como desconcertante y escurridizo. El director espa\u00f1ol Andr\u00e9s Duque fue el \u00fanico que consigui\u00f3 su ins\u00f3lita confianza para retratar algunas de sus intervenciones cotidianas, sobradas muestras de que el concepto de punk alcanza nuevas acepciones.<\/p>\n\n\n\n<p><strong>Pr\u00f3ximas funciones<\/strong><\/p>\n\n\n\n<p>Martes 8 de abril:&nbsp; Lovers rock, de Steve McQueen (2020)<\/p>\n\n\n\n<p>Martes 15 de abril: Blank Generation, de Ulli Lommel (1980)<\/p>\n\n\n\n<p><em>(Prensa IAAER)<\/em><\/p>\n","protected":false},"excerpt":{"rendered":"<p>El ciclo se denomina \u201cImpacto Fulminante: Cuando la m\u00fasica transforma\u201d. La funci\u00f3n ser\u00e1 el pr\u00f3ximo martes 1 de abril, a las 20, en la Sala Rub\u00e9n Noble (Gregoria Matorras 861, de Paran\u00e1). Organiza el Instituto Aut\u00e1rquico Audiovisual de Entre R\u00edos (IAAER), que depende de la Secretar\u00eda de Cultura provincial.&nbsp; Con entrada libre y gratuita, este [&hellip;]<\/p>\n","protected":false},"author":5,"featured_media":13011,"comment_status":"open","ping_status":"open","sticky":false,"template":"","format":"standard","meta":{"_et_pb_use_builder":"off","_et_pb_old_content":"","_et_gb_content_width":"","footnotes":""},"categories":[1,28,4],"tags":[],"class_list":["post-13010","post","type-post","status-publish","format-standard","has-post-thumbnail","hentry","category-destacado","category-noticias","category-iaaer"],"_links":{"self":[{"href":"https:\/\/www.entrerios.gov.ar\/cultura\/wp-json\/wp\/v2\/posts\/13010","targetHints":{"allow":["GET"]}}],"collection":[{"href":"https:\/\/www.entrerios.gov.ar\/cultura\/wp-json\/wp\/v2\/posts"}],"about":[{"href":"https:\/\/www.entrerios.gov.ar\/cultura\/wp-json\/wp\/v2\/types\/post"}],"author":[{"embeddable":true,"href":"https:\/\/www.entrerios.gov.ar\/cultura\/wp-json\/wp\/v2\/users\/5"}],"replies":[{"embeddable":true,"href":"https:\/\/www.entrerios.gov.ar\/cultura\/wp-json\/wp\/v2\/comments?post=13010"}],"version-history":[{"count":1,"href":"https:\/\/www.entrerios.gov.ar\/cultura\/wp-json\/wp\/v2\/posts\/13010\/revisions"}],"predecessor-version":[{"id":13012,"href":"https:\/\/www.entrerios.gov.ar\/cultura\/wp-json\/wp\/v2\/posts\/13010\/revisions\/13012"}],"wp:featuredmedia":[{"embeddable":true,"href":"https:\/\/www.entrerios.gov.ar\/cultura\/wp-json\/wp\/v2\/media\/13011"}],"wp:attachment":[{"href":"https:\/\/www.entrerios.gov.ar\/cultura\/wp-json\/wp\/v2\/media?parent=13010"}],"wp:term":[{"taxonomy":"category","embeddable":true,"href":"https:\/\/www.entrerios.gov.ar\/cultura\/wp-json\/wp\/v2\/categories?post=13010"},{"taxonomy":"post_tag","embeddable":true,"href":"https:\/\/www.entrerios.gov.ar\/cultura\/wp-json\/wp\/v2\/tags?post=13010"}],"curies":[{"name":"wp","href":"https:\/\/api.w.org\/{rel}","templated":true}]}}