{"id":13015,"date":"2025-03-29T13:33:20","date_gmt":"2025-03-29T13:33:20","guid":{"rendered":"https:\/\/www.entrerios.gov.ar\/cultura\/?p=13015"},"modified":"2025-03-29T20:11:05","modified_gmt":"2025-03-29T20:11:05","slug":"la-provincia-restituyo-un-pulpito-historico-a-la-catedral-de-parana","status":"publish","type":"post","link":"https:\/\/www.entrerios.gov.ar\/cultura\/la-provincia-restituyo-un-pulpito-historico-a-la-catedral-de-parana\/","title":{"rendered":"La Provincia restituy\u00f3 un p\u00falpito hist\u00f3rico a la Catedral de Paran\u00e1"},"content":{"rendered":"\n<p>La pieza fue trasladada este viernes desde el Museo Hist\u00f3rico \u201cMartiniano Leguizam\u00f3n\u201d, donde se conservaba desde 1969. La medida se concret\u00f3 por disposici\u00f3n del gobernador de Entre R\u00edos, Rogelio Frigerio.<\/p>\n\n\n\n<p>El director general de Museos y Patrimonio Hist\u00f3rico, Carlos Iriarte, valor\u00f3 el trabajo realizado por el personal del Museo Hist\u00f3rico para la conservaci\u00f3n y el traslado del objeto. \u201cCon todos los cuidados necesarios, sugerimos a la Catedral que lo expusiera para que la ciudadan\u00eda pueda apreciarlo en su espacio original\u201d, expres\u00f3.<\/p>\n\n\n\n<p>El sacerdote Eduardo T\u00e1nger explic\u00f3 que el p\u00falpito era utilizado para la predicaci\u00f3n: &#8220;Significa revalorizar ese lugar tan significativo. La Catedral fue declarada Monumento Hist\u00f3rico y es el sitio donde el general Urquiza emiti\u00f3 las primeras leyes de la Naci\u00f3n. Tiene un valor religioso y cultural fundamental para la provincia y el pa\u00eds\u201d.<\/p>\n\n\n\n<p>El p\u00falpito es de madera de cedro tallada y tiene im\u00e1genes corp\u00f3reas. La coordinadora del Museo Hist\u00f3rico, Gisela Correa, remarc\u00f3 que se trata de un objeto \u201cde un gran valor patrimonial y su traslado a la Catedral no solo es un gesto de recuperaci\u00f3n hist\u00f3rica, sino tambi\u00e9n una forma de acercar a la comunidad a su pasado cultural\u201d.<\/p>\n\n\n\n<p>El jefe de Gabinete de la Secretar\u00eda de Cultura de Entre R\u00edos, Manuel Arlettaz, resalt\u00f3 \u201cel enorme esfuerzo del personal de los museos y de Cultura para conservar el p\u00falpito\u201d. Y concluy\u00f3 que esta acci\u00f3n \u201cpone en evidencia la impronta de la gesti\u00f3n del gobernador Frigerio de trabajar en conjunto para concretar este tipo de reparaciones, que en este caso tiene un valor religioso, pero tambi\u00e9n hist\u00f3rico\u201d.<\/p>\n\n\n\n<figure class=\"wp-block-image size-large\"><img loading=\"lazy\" decoding=\"async\" width=\"1024\" height=\"683\" src=\"https:\/\/www.entrerios.gov.ar\/cultura\/wp-content\/uploads\/2025\/03\/WhatsApp-Image-2025-03-28-at-12.49.26-1024x683.jpeg\" alt=\"\" class=\"wp-image-13019\" srcset=\"https:\/\/www.entrerios.gov.ar\/cultura\/wp-content\/uploads\/2025\/03\/WhatsApp-Image-2025-03-28-at-12.49.26-980x653.jpeg 980w, https:\/\/www.entrerios.gov.ar\/cultura\/wp-content\/uploads\/2025\/03\/WhatsApp-Image-2025-03-28-at-12.49.26-480x320.jpeg 480w\" sizes=\"auto, (min-width: 0px) and (max-width: 480px) 480px, (min-width: 481px) and (max-width: 980px) 980px, (min-width: 981px) 1024px, 100vw\" \/><\/figure>\n\n\n\n<p>La gesti\u00f3n por la restituci\u00f3n de la pieza fue iniciada por el Arzobispado de Paran\u00e1, la Parroquia Nuestra Se\u00f1ora del Rosario, la Catedral de Paran\u00e1 y la Pastoral de Turismo de Paran\u00e1. En 1969 fue retirada del templo que se encontraba en remodelaci\u00f3n. Estando en el Museo Hist\u00f3rico, el p\u00falpito fue uno de los objetos que despert\u00f3 m\u00e1s admiraci\u00f3n por su perfecto estado de conservaci\u00f3n. A partir de su narrativa se comunic\u00f3 tambi\u00e9n la historia de la Catedral de Paran\u00e1.<\/p>\n","protected":false},"excerpt":{"rendered":"<p>La pieza fue trasladada este viernes desde el Museo Hist\u00f3rico \u201cMartiniano Leguizam\u00f3n\u201d, donde se conservaba desde 1969. La medida se concret\u00f3 por disposici\u00f3n del gobernador de Entre R\u00edos, Rogelio Frigerio. El director general de Museos y Patrimonio Hist\u00f3rico, Carlos Iriarte, valor\u00f3 el trabajo realizado por el personal del Museo Hist\u00f3rico para la conservaci\u00f3n y el [&hellip;]<\/p>\n","protected":false},"author":51,"featured_media":13018,"comment_status":"open","ping_status":"open","sticky":false,"template":"","format":"standard","meta":{"_et_pb_use_builder":"off","_et_pb_old_content":"","_et_gb_content_width":"","footnotes":""},"categories":[1,28,10],"tags":[],"class_list":["post-13015","post","type-post","status-publish","format-standard","has-post-thumbnail","hentry","category-destacado","category-noticias","category-museo-historico"],"_links":{"self":[{"href":"https:\/\/www.entrerios.gov.ar\/cultura\/wp-json\/wp\/v2\/posts\/13015","targetHints":{"allow":["GET"]}}],"collection":[{"href":"https:\/\/www.entrerios.gov.ar\/cultura\/wp-json\/wp\/v2\/posts"}],"about":[{"href":"https:\/\/www.entrerios.gov.ar\/cultura\/wp-json\/wp\/v2\/types\/post"}],"author":[{"embeddable":true,"href":"https:\/\/www.entrerios.gov.ar\/cultura\/wp-json\/wp\/v2\/users\/51"}],"replies":[{"embeddable":true,"href":"https:\/\/www.entrerios.gov.ar\/cultura\/wp-json\/wp\/v2\/comments?post=13015"}],"version-history":[{"count":5,"href":"https:\/\/www.entrerios.gov.ar\/cultura\/wp-json\/wp\/v2\/posts\/13015\/revisions"}],"predecessor-version":[{"id":13038,"href":"https:\/\/www.entrerios.gov.ar\/cultura\/wp-json\/wp\/v2\/posts\/13015\/revisions\/13038"}],"wp:featuredmedia":[{"embeddable":true,"href":"https:\/\/www.entrerios.gov.ar\/cultura\/wp-json\/wp\/v2\/media\/13018"}],"wp:attachment":[{"href":"https:\/\/www.entrerios.gov.ar\/cultura\/wp-json\/wp\/v2\/media?parent=13015"}],"wp:term":[{"taxonomy":"category","embeddable":true,"href":"https:\/\/www.entrerios.gov.ar\/cultura\/wp-json\/wp\/v2\/categories?post=13015"},{"taxonomy":"post_tag","embeddable":true,"href":"https:\/\/www.entrerios.gov.ar\/cultura\/wp-json\/wp\/v2\/tags?post=13015"}],"curies":[{"name":"wp","href":"https:\/\/api.w.org\/{rel}","templated":true}]}}